{"id":9855,"date":"2013-11-06T10:25:19","date_gmt":"2013-11-06T08:25:19","guid":{"rendered":"http:\/\/www.noucicle.org\/lhora\/?p=9855"},"modified":"2013-11-06T10:43:37","modified_gmt":"2013-11-06T08:43:37","slug":"antoni-garcias-i-joan-march-reforma-federal-i-dret-a-decidir","status":"publish","type":"post","link":"https:\/\/www.noucicle.org\/lhora\/antoni-garcias-i-joan-march-reforma-federal-i-dret-a-decidir\/","title":{"rendered":"Antoni Garcias i Joan March: Reforma federal i dret a decidir"},"content":{"rendered":"<p><a href=\"http:\/\/www.noucicle.org\/lhora\/?attachment_id=9856\" rel=\"attachment wp-att-9856\"><img loading=\"lazy\" decoding=\"async\" class=\"alignleft size-medium wp-image-9856\" alt=\"reforma\" src=\"http:\/\/www.noucicle.org\/lhora\/wp-content\/uploads\/2013\/11\/reforma-300x150.jpg\" width=\"300\" height=\"150\" srcset=\"https:\/\/www.noucicle.org\/lhora\/wp-content\/uploads\/2013\/11\/reforma-300x150.jpg 300w, https:\/\/www.noucicle.org\/lhora\/wp-content\/uploads\/2013\/11\/reforma.jpg 600w\" sizes=\"auto, (max-width: 300px) 100vw, 300px\" \/><\/a>Un partit com el <strong>PSOE<\/strong>, amb m\u00e9s de 100 anys defensant la democr\u00e0cia com el millor sistema de govern, no pot estar en contra del &#8220;dret a decidir&#8221; escudant-se en preceptes constitucionals.\u00a0Defensar aquesta postura sota l&#8217;empara del contracte social pel qual un individu o un grup d&#8217;ells resten vinculats a una estructura pol\u00edtica \u00e9s pervertir l&#8217;ess\u00e8ncia del propi contracte que se centra en la voluntat manifesta de les parts.<\/p>\n<p>Ja que si fos aix\u00ed, la Constituci\u00f3 perdria la seva naturalesa contractual i esdevindria document doctrinal amb legitimitat superior a la dels subjectes als que en lloc de servir d&#8217;instrument de conviv\u00e8ncia pactada, constrenyiria.\u00a0Conseq\u00fcentment aix\u00f2 no pot ser aix\u00ed, ja que el requisit indispensable de tot sistema democr\u00e0tic \u00e9s el de fonamentar la legitimitat de cada decisi\u00f3 en la voluntat dels propis subjectes sotmesos a aquesta.<\/p>\n<p>Per tant, si en un determinat territori, un nombre important dels ciutadans que l&#8217;habiten, manifesten que volen poder decidir sobre si aquest territori ha de seguir pol\u00edticament unit a altres, no hi ha cap ra\u00f3 perqu\u00e8 una persona que es consideri dem\u00f2crata es pugui oposar frontalment a que aquests ciutadans puguin expressar lliurement la seva voluntat.<\/p>\n<p>Espanya \u00e9s un Estat de dret, amb una Constituci\u00f3 que marca unes regles de joc.\u00a0Per\u00f2 de la mateixa manera que no hi ha regles de cap joc que obliguin a un individu o individus a restar eternament jugant, no pot haver-hi una Constituci\u00f3 democr\u00e0tica que impedeixi als que a ella es van sotmetre amb la finalitat de conviure en una col\u00b7lectivitat concreta, deixar aquesta col\u00b7lectivitat.<\/p>\n<p>Per tant, com compatibilitzem un &#8220;dret superior&#8221;, &#8220;el dret a decidir&#8221; amb el dret que emana de la vigent Constituci\u00f3?\u00a0L&#8217;\u00fanica resposta \u00e9s mitjan\u00e7ant el di\u00e0leg entre el Govern del Regne d&#8217;Espanya i el Govern de la Generalitat de Catalunya, per establir un marc de garanties consensuades, que permeti la lliure expressi\u00f3 de la voluntat de tots els ciutadans de Catalunya en el moment en qu\u00e8 es dugui a terme la consulta.<\/p>\n<p>La Constituci\u00f3 estableix camins perqu\u00e8 es pugui dur a terme una consulta legal a Catalunya sobre si els catalans volen seguir formant part del Regne d&#8217;Espanya.<\/p>\n<p>Nosaltres proposem un, la utilitzaci\u00f3 d&#8217;una interpretaci\u00f3 pactada del text de l&#8217;article 149 (en el qual s&#8217;enumeren les compet\u00e8ncies exclusives de l&#8217;Estat) par\u00e0graf 1, apartat 32a que diu textualment: autoritzaci\u00f3 de consultes populars per via de Refer\u00e8ndum.<\/p>\n<p>Es tractaria doncs de cedir, per a l&#8217;ocasi\u00f3, per part del Govern de l&#8217;Estat a la Generalitat de Catalunya la possibilitat d&#8217;exercici del contingut del text constitucional que hem esmentat.\u00a0Tenim doncs com a m\u00ednim un cam\u00ed constitucionalment acceptable, si les parts en litigi el donen per v\u00e0lid, per poder exercir legalment &#8220;el dret a decidir&#8221;.\u00a0Per\u00f2 els socialistes no podem quedar-nos aqu\u00ed.<\/p>\n<p>Si, com esperem, l&#8217;exercici &#8220;del dret a decidir&#8221; per part dels ciutadans de Catalunya, d\u00f3na com a resultat que una majoria vol seguir formant part d&#8217;Espanya, s&#8217;haur\u00e0 de procedir a continuaci\u00f3 a una reforma de la Constituci\u00f3 que doni pas a una nova, en la qual es defineixi Espanya com un estat federal, plurinacional, pluriling\u00fce i pluricultural.<\/p>\n<p>Aquesta reforma constitucional ha de recon\u00e8ixer, entre altres coses, d&#8217;una manera expl\u00edcita i garantista &#8220;el dret a decidir&#8221; (en el sentit que es d\u00f3na a la frase en l&#8217;actualitat) per part dels ciutadans de qualsevol territori.<\/p>\n<p>En aquest sentit propugnem que les properes eleccions generals es declarin constituents i conseq\u00fcentment, es procedeixi a la reforma de la Constituci\u00f3, per part dels parlamentaris electes, d&#8217;acord amb el procediment que l&#8217;actual Constituci\u00f3 preveu.<\/p>\n<p>Nom\u00e9s aix\u00ed creiem que la majoria dels ciutadans de totes les comunitats aut\u00f2nomes de l&#8217;actual Regne d&#8217;Espanya voldran seguir formant part del mateix a mig i llarg termini.<\/p>\n<p><strong>Antoni Garcias Coll<\/strong>\u00a0\u00e9s exsenador per Mallorca del PSOE i\u00a0<strong>Joan March Noguera\u00a0<\/strong>exsecretari general del PSIB-PSOE.<\/p>\n<p><a href=\"http:\/\/ccaa.elpais.com\/ccaa\/2013\/11\/05\/catalunya\/1383673455_650075.html\" target=\"_blank\">El Pa\u00eds<\/a><\/p>\n","protected":false},"excerpt":{"rendered":"<p>Un partit com el PSOE, amb m\u00e9s de 100 anys defensant la democr\u00e0cia com el millor sistema de govern, no pot estar en contra del &#8220;dret a decidir&#8221; escudant-se en preceptes constitucionals.\u00a0Defensar aquesta postura sota l&#8217;empara del contracte social pel qual un individu o un grup d&#8217;ells resten vinculats a una estructura pol\u00edtica \u00e9s pervertir &hellip;<\/p>\n","protected":false},"author":1,"featured_media":0,"comment_status":"open","ping_status":"open","sticky":false,"template":"","format":"standard","meta":{"footnotes":""},"categories":[1],"tags":[],"class_list":["post-9855","post","type-post","status-publish","format-standard","hentry","category-general"],"_links":{"self":[{"href":"https:\/\/www.noucicle.org\/lhora\/wp-json\/wp\/v2\/posts\/9855","targetHints":{"allow":["GET"]}}],"collection":[{"href":"https:\/\/www.noucicle.org\/lhora\/wp-json\/wp\/v2\/posts"}],"about":[{"href":"https:\/\/www.noucicle.org\/lhora\/wp-json\/wp\/v2\/types\/post"}],"author":[{"embeddable":true,"href":"https:\/\/www.noucicle.org\/lhora\/wp-json\/wp\/v2\/users\/1"}],"replies":[{"embeddable":true,"href":"https:\/\/www.noucicle.org\/lhora\/wp-json\/wp\/v2\/comments?post=9855"}],"version-history":[{"count":3,"href":"https:\/\/www.noucicle.org\/lhora\/wp-json\/wp\/v2\/posts\/9855\/revisions"}],"predecessor-version":[{"id":9858,"href":"https:\/\/www.noucicle.org\/lhora\/wp-json\/wp\/v2\/posts\/9855\/revisions\/9858"}],"wp:attachment":[{"href":"https:\/\/www.noucicle.org\/lhora\/wp-json\/wp\/v2\/media?parent=9855"}],"wp:term":[{"taxonomy":"category","embeddable":true,"href":"https:\/\/www.noucicle.org\/lhora\/wp-json\/wp\/v2\/categories?post=9855"},{"taxonomy":"post_tag","embeddable":true,"href":"https:\/\/www.noucicle.org\/lhora\/wp-json\/wp\/v2\/tags?post=9855"}],"curies":[{"name":"wp","href":"https:\/\/api.w.org\/{rel}","templated":true}]}}