{"id":9499,"date":"2013-09-17T09:43:50","date_gmt":"2013-09-17T07:43:50","guid":{"rendered":"http:\/\/www.noucicle.org\/lhora\/?p=9499"},"modified":"2013-09-17T09:43:50","modified_gmt":"2013-09-17T07:43:50","slug":"lluis-bassets-el-repte-despanya","status":"publish","type":"post","link":"https:\/\/www.noucicle.org\/lhora\/lluis-bassets-el-repte-despanya\/","title":{"rendered":"Llu\u00eds Bassets: El repte d&#8217;Espanya"},"content":{"rendered":"<div id=\"cuerpo_noticia\">\n<p><a href=\"http:\/\/www.noucicle.org\/lhora\/?attachment_id=9500\" rel=\"attachment wp-att-9500\"><img loading=\"lazy\" decoding=\"async\" class=\"alignleft size-medium wp-image-9500\" alt=\"rajoy\" src=\"http:\/\/www.noucicle.org\/lhora\/wp-content\/uploads\/2013\/09\/rajoy-300x199.jpg\" width=\"300\" height=\"199\" srcset=\"https:\/\/www.noucicle.org\/lhora\/wp-content\/uploads\/2013\/09\/rajoy-300x199.jpg 300w, https:\/\/www.noucicle.org\/lhora\/wp-content\/uploads\/2013\/09\/rajoy.jpg 550w\" sizes=\"auto, (max-width: 300px) 100vw, 300px\" \/><\/a>Espanya ha superat, almenys, tres reptes de summa dificultat en la seva hist\u00f2ria recent.\u00a0Sortir d&#8217;una dictadura atro\u00e7, situar-se entre les nacions que compten al m\u00f3n i assolir el nivell de vida i benestar de les altres nacions europees.\u00a0Despr\u00e9s van arribar la bombolla, el buit i el vertigen. Una part del que s&#8217;havia constru\u00eft s&#8217;assentava en sorra, de manera que el terratr\u00e8mol de la crisi est\u00e0 afectant ara mateix a la solidesa i la integritat de l&#8217;edifici.<\/p>\n<p>No hi ha pitjor consellera que la satisfacci\u00f3 excessiva amb un mateix, l&#8217;autocomplaen\u00e7a miop que aviat es converteix en arrog\u00e0ncia paralitzant.\u00a0Per aquest cam\u00ed ha derivat l&#8217;esperit de l&#8217;Espanya enriquida amb el ma\u00f3, gr\u00e0cies a una classe pol\u00edtica incapa\u00e7 de buscar una altra sortida que no sigui seguir excavant en el forat en direcci\u00f3 al centre de la terra.\u00a0Aix\u00f2 \u00e9s el que li aconsellen els reflexos constitutius de la vella naci\u00f3 centralista i intransigent, una la llengua, la identitat i la cultura, i fins i tot la religi\u00f3 fins a temps ben recents.<\/p>\n<p>El repte que t\u00e9 ara Espanya davant seu es diu Catalunya.\u00a0Construir una Espanya capa\u00e7 de comprendre a Catalunya \u00e9s ara el repte hist\u00f2ric que es planteja als espanyols.\u00a0Comprendre-la en el seu doble sentit: amb el significat d&#8217;entendre i recon\u00e8ixer-la, empatitzar amb els catalans i fins i tot simpatitzar amb les seves pulsions i sentiments, i amb el de seguir incloent gr\u00e0cies a la construcci\u00f3 d&#8217;una proposta o projecte en com\u00fa.<\/p>\n<p>No \u00e9s un repte circumstancial, motivat per una sobtada efervesc\u00e8ncia nacionalista, \u00e9s el repte hist\u00f2ric, un cap\u00edtol pendent de la transici\u00f3 que afecta l&#8217;estructura de l&#8217;Estat, per\u00f2 \u00e9s tamb\u00e9 un repte de futur: sense el concurs dels catalans i de Catalunya el futur de tots els espanyols ser\u00e0 m\u00e9s dif\u00edcil: la segona ciutat, el 18 per cent del PIB, un contribuent net a les arques de l&#8217;Estat, una imatge moderna i europea, la for\u00e7a dels seus professionals, empresaris i creadors&#8230;<\/p>\n<p>S&#8217;em dir\u00e0, i amb poderoses raons, que el futur dels catalans sense Espanya seria tamb\u00e9 molt dif\u00edcil: sens dubte, sobretot en una separaci\u00f3 traum\u00e0tica en qu\u00e8 tots perdrien.\u00a0I ho seria sobretot en els primers i dif\u00edcils temps, per\u00f2 a la llarga Catalunya \u00e9s perfectament sostenible, i sostenibles serien els sacrificis, perqu\u00e8 sarna amb gust no pica.<\/p>\n<p>El millor negoci que pot fer ara mateix Espanya \u00e9s donar-li la volta a aquesta crisi i convertir-la en l&#8217;oportunitat per fer la reforma profunda de l&#8217;Estat que ens permeti seguir vivint junts donant satisfacci\u00f3 a les aspiracions leg\u00edtimes dels catalans.\u00a0Aquests manifestants festius i voluntariosos de la Via Catalana no tan sols mereixen una resposta satisfact\u00f2ria i amistosa per part de la resta dels seus conciutadans, sin\u00f3 que conformen un dels sectors m\u00e9s din\u00e0mics de la societat catalana, la inclusi\u00f3 en un projecte com\u00fa sol pot produir beneficis per a tots.<\/p>\n<p>Tamb\u00e9 cal una altra resposta, naturalment.\u00a0Els diaris\u00a0<em>Abc<\/em>\u00a0i\u00a0<em>El Mundo\u00a0<\/em>l&#8217;estan demanant a crits amb els dits acusadors: secessi\u00f3, cop d&#8217;Estat, tra\u00efci\u00f3.\u00a0Els gats a l&#8217;aigua esgarrapen i miolen indignats.\u00a0Els seus columnistes i tertulians vociferen i amenacen perqu\u00e8 el Govern posi als catalans al seu lloc.\u00a0Els descerebrats de l&#8217;extrema dreta ja segueixen les seves indicacions.\u00a0Rajoy amb la seva immobilitat i les seves apel\u00b7lacions a la majoria silenciosa rebla el clau d&#8217;aquesta Espanya de sempre, irreconeixible des del somni ara esva\u00eft de llibertat i pluralitat espanyoles que hem viscut en algun moment.\u00a0Es freguen les mans, en canvi, els independentistes de piny\u00f3 fix: sense aquesta caspa, tan desagradable com perillosa, l&#8217;independentisme tornaria al rac\u00f3.\u00a0Que segueixin excavant cap al centre de la terra!<\/p>\n<p>Deixin-me acabar amb un acudit adequat a les circumst\u00e0ncies.\u00a0Si l&#8217;Assemblea Nacional Catalana hagu\u00e9s tingut al seu c\u00e0rrec la candidatura de Madrid 2020, ara estar\u00edem celebrant els Jocs Ol\u00edmpics per a la capital d&#8217;Espanya; si els del caf\u00e8 amb llet a la pla\u00e7a Major i el Gibraltar espanyol haguessin organitzat la Via Catalana, no haurien unit ni tan sols els barris de la perif\u00e8ria de Barcelona, \u200b\u200bni projectat amb tant d&#8217;\u00e8xit la imatge festiva i euf\u00f2rica de la Diada als mitjans internacionals.<\/p>\n<\/div>\n<p><a href=\"http:\/\/ccaa.elpais.com\/ccaa\/2013\/09\/15\/catalunya\/1379266533_835589.html\" target=\"_blank\"><\/p>\n<div>El Pa\u00eds<\/div>\n<p><\/a><\/p>\n","protected":false},"excerpt":{"rendered":"<p>Espanya ha superat, almenys, tres reptes de summa dificultat en la seva hist\u00f2ria recent.\u00a0Sortir d&#8217;una dictadura atro\u00e7, situar-se entre les nacions que compten al m\u00f3n i assolir el nivell de vida i benestar de les altres nacions europees.\u00a0Despr\u00e9s van arribar la bombolla, el buit i el vertigen. Una part del que s&#8217;havia constru\u00eft s&#8217;assentava en &hellip;<\/p>\n","protected":false},"author":1,"featured_media":0,"comment_status":"open","ping_status":"open","sticky":false,"template":"","format":"standard","meta":{"footnotes":""},"categories":[15,1],"tags":[8,135],"class_list":["post-9499","post","type-post","status-publish","format-standard","hentry","category-espanya","category-general","tag-catalunya","tag-dret-a-decidir"],"_links":{"self":[{"href":"https:\/\/www.noucicle.org\/lhora\/wp-json\/wp\/v2\/posts\/9499","targetHints":{"allow":["GET"]}}],"collection":[{"href":"https:\/\/www.noucicle.org\/lhora\/wp-json\/wp\/v2\/posts"}],"about":[{"href":"https:\/\/www.noucicle.org\/lhora\/wp-json\/wp\/v2\/types\/post"}],"author":[{"embeddable":true,"href":"https:\/\/www.noucicle.org\/lhora\/wp-json\/wp\/v2\/users\/1"}],"replies":[{"embeddable":true,"href":"https:\/\/www.noucicle.org\/lhora\/wp-json\/wp\/v2\/comments?post=9499"}],"version-history":[{"count":1,"href":"https:\/\/www.noucicle.org\/lhora\/wp-json\/wp\/v2\/posts\/9499\/revisions"}],"predecessor-version":[{"id":9501,"href":"https:\/\/www.noucicle.org\/lhora\/wp-json\/wp\/v2\/posts\/9499\/revisions\/9501"}],"wp:attachment":[{"href":"https:\/\/www.noucicle.org\/lhora\/wp-json\/wp\/v2\/media?parent=9499"}],"wp:term":[{"taxonomy":"category","embeddable":true,"href":"https:\/\/www.noucicle.org\/lhora\/wp-json\/wp\/v2\/categories?post=9499"},{"taxonomy":"post_tag","embeddable":true,"href":"https:\/\/www.noucicle.org\/lhora\/wp-json\/wp\/v2\/tags?post=9499"}],"curies":[{"name":"wp","href":"https:\/\/api.w.org\/{rel}","templated":true}]}}