{"id":9198,"date":"2013-07-17T12:18:40","date_gmt":"2013-07-17T10:18:40","guid":{"rendered":"http:\/\/www.noucicle.org\/lhora\/?p=9198"},"modified":"2013-07-17T12:18:40","modified_gmt":"2013-07-17T10:18:40","slug":"luis-diez-el-delegat-de-la-generalitat-a-madrid-qualifica-derratic-a-mas-i-dimiteix","status":"publish","type":"post","link":"https:\/\/www.noucicle.org\/lhora\/luis-diez-el-delegat-de-la-generalitat-a-madrid-qualifica-derratic-a-mas-i-dimiteix\/","title":{"rendered":"Lu\u00eds D\u00edez: El delegat de la Generalitat a Madrid qualifica d&#8221;err\u00e0tic&#8217; a Mas i dimiteix"},"content":{"rendered":"<p><a href=\"http:\/\/www.noucicle.org\/lhora\/?attachment_id=9199\" rel=\"attachment wp-att-9199\"><img loading=\"lazy\" decoding=\"async\" class=\"alignleft size-medium wp-image-9199\" alt=\"casas\" src=\"http:\/\/www.noucicle.org\/lhora\/wp-content\/uploads\/2013\/07\/casas-300x206.jpg\" width=\"300\" height=\"206\" srcset=\"https:\/\/www.noucicle.org\/lhora\/wp-content\/uploads\/2013\/07\/casas-300x206.jpg 300w, https:\/\/www.noucicle.org\/lhora\/wp-content\/uploads\/2013\/07\/casas.jpg 576w\" sizes=\"auto, (max-width: 300px) 100vw, 300px\" \/><\/a>El delegat de la Generalitat de Catalunya a Madrid, <strong>Jordi Casas<\/strong>, ha presentat la dimissi\u00f3 irrevocable al president <strong>Artur Mas<\/strong> pel seu desacord amb la pol\u00edtica independentista i l'&#8221;embolic pol\u00edtic en qu\u00e8 s&#8217;han ficat&#8221;. Casas va rebre ahir l&#8217;acceptaci\u00f3 de la seva ren\u00fancia i la comunicaci\u00f3 que ser\u00e0 substitu\u00eft el 30 de juliol per un diplom\u00e0tic de carrera, concretament, el c\u00f2nsol a Perpignan, Enrique Ruiz Molero.<\/p>\n<p>En converses amb cuartopoder.es, Casas va explicar que havia plantejat la seva ren\u00fancia al c\u00e0rrec fa diversos mesos al president catal\u00e0 Mas, a qui va comunicar personalment el seu desacord absolut amb la pol\u00edtica sobiranista, que qualifica d'&#8221;error maj\u00fascul&#8221;. En la seva opini\u00f3, Mas i, en \u00faltim extrem, Jordi Pujol, han condu\u00eft a la societat catalana a un sostre insostenible del que ells mateixos no saben com sortir.<\/p>\n<p>Casas reivindica &#8220;la sensatesa de Miquel Roca&#8221;, un pol\u00edtic al qual, segons diu, Pujol i els seus adl\u00e0ters independentistes, &#8220;que s&#8217;han tirat a la muntanya&#8221;, van expulsar de la pol\u00edtica catalana &#8220;com si els autors de la Constituci\u00f3 i del pacte amb Catalunya &#8220;fossin elements menyspreables, amb els que ara ja no cal comptar. L&#8217;exdiputat i exsenador de CiU qualifica la pol\u00edtica de la Generalitat de &#8220;c\u00ednica i err\u00e0tica&#8221; i assegura que la majoria de la societat catalana no ent\u00e9n a aquests senyors.<\/p>\n<p>L&#8217;encara delegat de Catalunya a Madrid denuncia la pol\u00edtica antiespanyola que s&#8217;est\u00e0 promovent des dels mitjans de comunicaci\u00f3 oficials. &#8220;Crida l&#8217;atenci\u00f3, per exemple, que de sis tertulians designats a TV3 cap s&#8217;atreveixi a defensar l&#8217;espanyolitat de Catalunya&#8221;. Aquesta, segons sembla, \u00e9s la llibertat d&#8217;expressi\u00f3. I tot i que compr\u00e8n el mal humor de la fam\u00edlia Pujol pels atacs relacionats amb la corrupci\u00f3 pol\u00edtica de qu\u00e8 ha estat objecte, rebutja la resposta de l&#8217;independentisme que estan inoculant la societat catalana.<\/p>\n<p>En la seva opini\u00f3, els l\u00edders pol\u00edtics catalans no tenen fusta i se sotmeten als grups independentistes que es manifesten al carrer i organitzen concerts, alhora que executen d&#8217;una manera implacable les pol\u00edtiques m\u00e9s antisocials fins ara conegudes contra les capes m\u00e9s humils de la poblaci\u00f3. Casas afirma: &#8220;no \u00e9s aix\u00f2&#8221; i abandona la pol\u00edtica.<\/p>\n<p><a href=\"http:\/\/www.cuartopoder.es\/laespumadeldia\/2013\/07\/17\/el-delegado-de-la-generalitat-en-madrid-llama-erratico-a-mas-y-dimite\/\" target=\"_blank\">Cuartopoder.es<\/p>\n<p><\/a><\/p>\n","protected":false},"excerpt":{"rendered":"<p>El delegat de la Generalitat de Catalunya a Madrid, Jordi Casas, ha presentat la dimissi\u00f3 irrevocable al president Artur Mas pel seu desacord amb la pol\u00edtica independentista i l&#8217;&#8221;embolic pol\u00edtic en qu\u00e8 s&#8217;han ficat&#8221;. Casas va rebre ahir l&#8217;acceptaci\u00f3 de la seva ren\u00fancia i la comunicaci\u00f3 que ser\u00e0 substitu\u00eft el 30 de juliol per un &hellip;<\/p>\n","protected":false},"author":1,"featured_media":0,"comment_status":"open","ping_status":"open","sticky":false,"template":"","format":"standard","meta":{"footnotes":""},"categories":[14,1],"tags":[44,8,42],"class_list":["post-9198","post","type-post","status-publish","format-standard","hentry","category-catalunya","category-general","tag-artur-mas","tag-catalunya","tag-ciu"],"_links":{"self":[{"href":"https:\/\/www.noucicle.org\/lhora\/wp-json\/wp\/v2\/posts\/9198","targetHints":{"allow":["GET"]}}],"collection":[{"href":"https:\/\/www.noucicle.org\/lhora\/wp-json\/wp\/v2\/posts"}],"about":[{"href":"https:\/\/www.noucicle.org\/lhora\/wp-json\/wp\/v2\/types\/post"}],"author":[{"embeddable":true,"href":"https:\/\/www.noucicle.org\/lhora\/wp-json\/wp\/v2\/users\/1"}],"replies":[{"embeddable":true,"href":"https:\/\/www.noucicle.org\/lhora\/wp-json\/wp\/v2\/comments?post=9198"}],"version-history":[{"count":1,"href":"https:\/\/www.noucicle.org\/lhora\/wp-json\/wp\/v2\/posts\/9198\/revisions"}],"predecessor-version":[{"id":9200,"href":"https:\/\/www.noucicle.org\/lhora\/wp-json\/wp\/v2\/posts\/9198\/revisions\/9200"}],"wp:attachment":[{"href":"https:\/\/www.noucicle.org\/lhora\/wp-json\/wp\/v2\/media?parent=9198"}],"wp:term":[{"taxonomy":"category","embeddable":true,"href":"https:\/\/www.noucicle.org\/lhora\/wp-json\/wp\/v2\/categories?post=9198"},{"taxonomy":"post_tag","embeddable":true,"href":"https:\/\/www.noucicle.org\/lhora\/wp-json\/wp\/v2\/tags?post=9198"}],"curies":[{"name":"wp","href":"https:\/\/api.w.org\/{rel}","templated":true}]}}