{"id":7906,"date":"2013-03-14T09:00:38","date_gmt":"2013-03-14T07:00:38","guid":{"rendered":"http:\/\/www.noucicle.org\/lhora\/?p=7906"},"modified":"2013-03-14T09:00:45","modified_gmt":"2013-03-14T07:00:45","slug":"jordi-marti-moviment-barcelona","status":"publish","type":"post","link":"https:\/\/www.noucicle.org\/lhora\/jordi-marti-moviment-barcelona\/","title":{"rendered":"Jordi Mart\u00ed: Moviment Barcelona"},"content":{"rendered":"<p><a href=\"http:\/\/www.noucicle.org\/lhora\/?attachment_id=7907\" rel=\"attachment wp-att-7907\"><img loading=\"lazy\" decoding=\"async\" class=\"alignleft size-medium wp-image-7907\" alt=\"movbarcelona\" src=\"http:\/\/www.noucicle.org\/lhora\/wp-content\/uploads\/2013\/03\/movbarcelona-300x185.jpg\" width=\"300\" height=\"185\" srcset=\"https:\/\/www.noucicle.org\/lhora\/wp-content\/uploads\/2013\/03\/movbarcelona-300x185.jpg 300w, https:\/\/www.noucicle.org\/lhora\/wp-content\/uploads\/2013\/03\/movbarcelona.jpg 380w\" sizes=\"auto, (max-width: 300px) 100vw, 300px\" \/><\/a>1.\u00a0La dist\u00e0ncia que hi ha entre ciutadania i pol\u00edtica institucional sembla ampliar-se cada dia que passa.\u00a0En augment des de fa anys, a la desafecci\u00f3 se li estan unint diferents esc\u00e0ndols de corrupci\u00f3 pol\u00edtica, <!--more-->una corrupci\u00f3 que arriba a uns nivells tan intolerables que comen\u00e7a a colpejar seriosament el fetge del nostre sistema.<\/p>\n<p>Hi ha, avui, un abisme -espero que no insalvable- entre els que fan pol\u00edtica quotidiana a peu de carrer, en entitats ve\u00efnals, en moviments socials, en agrupacions de barri&#8230; i les nostres institucions.\u00a0Paral\u00b7lelament, i per fortuna, a Barcelona fa temps concentrant molta energia social de la m\u00e0 de grups, encara invisibles en l&#8217;escena p\u00fablica, que es deixen la pell intentant reconquistar una idea de democr\u00e0cia que apel\u00b7la a la col\u00b7lectivitat, a la cohesi\u00f3 ia la just\u00edcia social.\u00a0L&#8217;esquerra t\u00e9 l&#8217;obligaci\u00f3 de reconnectar amb aquest conjunt de moviments.<\/p>\n<p>2.\u00a0El <strong>PSC<\/strong> de Barcelona, \u200b\u200bdel qual formo part des de fa molts anys, acaba d&#8217;obrir un proc\u00e9s de debats i convencions que han de culminar en la celebraci\u00f3 d&#8217;unes prim\u00e0ries obertes on escollir el candidat per a les properes eleccions municipals.\u00a0Per activar la majoria social necess\u00e0ria amb la qual fer realitat l&#8217;alternativa d&#8217;esquerres el 2015, per\u00f2, amb el <strong>PSC<\/strong> no hi ha prou.\u00a0Cal mobilitzar tots els progressistes de la nostra ciutat i ser capa\u00e7os, insisteixo, de cosir el desencaix entre ciutadania i pol\u00edtica institucional.<\/p>\n<p>3.\u00a0L&#8217;esquerra t\u00e9 l&#8217;obligaci\u00f3 de reconnectar amb aquest conjunt de moviments socials i articular relacions amb totes les forces de progr\u00e9s de Barcelona.\u00a0Hem de fer cre\u00efble una alternativa que permeti recuperar la vitalitat social, cultural i econ\u00f2mica de la ciutat.<\/p>\n<p>\u00c9s a aquesta idea d&#8217;activaci\u00f3 ciutadana al que respon el Moviment Barcelona que he impulsat de la m\u00e0 d&#8217;una desena de valents i on l&#8217;\u00fanic que no est\u00e0 perm\u00e8s \u00e9s limitar el debat i el contrast d&#8217;idees.<\/p>\n<p>Un moviment en qu\u00e8 trobar progressistes -independentistes, federalistes, confederalistes, autonomistes &#8230;- compromesos amb Barcelona i amb el disseny d&#8217;un nou projecte de ciutat que ha d&#8217;estar per sobre dels carnets de cada un.\u00a0Un moviment amb el que proposo treballar en cinc \u00e0mbits: l&#8217;educaci\u00f3 i la cultura, el projecte social, la ciutat metropolitana, les pol\u00edtiques de joventut i la radicalitat democr\u00e0tica.<\/p>\n<p>Un moviment, en definitiva, amb el de recuperar l&#8217;\u00e0nima de la nostra ciutat, la transpar\u00e8ncia, la valentia i la pol\u00edtica en maj\u00fascules.<\/p>\n<p><a href=\"http:\/\/www.abc.es\/local-cataluna\/20130226\/abci-moviment-barcelona-201302260950.html\" target=\"_blank\">ABC<\/p>\n<p><\/a><\/p>\n","protected":false},"excerpt":{"rendered":"<p>1.\u00a0La dist\u00e0ncia que hi ha entre ciutadania i pol\u00edtica institucional sembla ampliar-se cada dia que passa.\u00a0En augment des de fa anys, a la desafecci\u00f3 se li estan unint diferents esc\u00e0ndols de corrupci\u00f3 pol\u00edtica, una corrupci\u00f3 que arriba a uns nivells tan intolerables que comen\u00e7a a colpejar seriosament el fetge del nostre sistema. Hi ha, avui, &hellip;<\/p>\n","protected":false},"author":1,"featured_media":0,"comment_status":"open","ping_status":"open","sticky":false,"template":"","format":"standard","meta":{"footnotes":""},"categories":[1],"tags":[],"class_list":["post-7906","post","type-post","status-publish","format-standard","hentry","category-general"],"_links":{"self":[{"href":"https:\/\/www.noucicle.org\/lhora\/wp-json\/wp\/v2\/posts\/7906","targetHints":{"allow":["GET"]}}],"collection":[{"href":"https:\/\/www.noucicle.org\/lhora\/wp-json\/wp\/v2\/posts"}],"about":[{"href":"https:\/\/www.noucicle.org\/lhora\/wp-json\/wp\/v2\/types\/post"}],"author":[{"embeddable":true,"href":"https:\/\/www.noucicle.org\/lhora\/wp-json\/wp\/v2\/users\/1"}],"replies":[{"embeddable":true,"href":"https:\/\/www.noucicle.org\/lhora\/wp-json\/wp\/v2\/comments?post=7906"}],"version-history":[{"count":2,"href":"https:\/\/www.noucicle.org\/lhora\/wp-json\/wp\/v2\/posts\/7906\/revisions"}],"predecessor-version":[{"id":7909,"href":"https:\/\/www.noucicle.org\/lhora\/wp-json\/wp\/v2\/posts\/7906\/revisions\/7909"}],"wp:attachment":[{"href":"https:\/\/www.noucicle.org\/lhora\/wp-json\/wp\/v2\/media?parent=7906"}],"wp:term":[{"taxonomy":"category","embeddable":true,"href":"https:\/\/www.noucicle.org\/lhora\/wp-json\/wp\/v2\/categories?post=7906"},{"taxonomy":"post_tag","embeddable":true,"href":"https:\/\/www.noucicle.org\/lhora\/wp-json\/wp\/v2\/tags?post=7906"}],"curies":[{"name":"wp","href":"https:\/\/api.w.org\/{rel}","templated":true}]}}