{"id":6811,"date":"2012-11-04T14:33:41","date_gmt":"2012-11-04T12:33:41","guid":{"rendered":"http:\/\/www.noucicle.org\/lhora\/?p=6811"},"modified":"2012-11-04T15:18:53","modified_gmt":"2012-11-04T13:18:53","slug":"intel%c2%b7lectuals-i-professionals-surten-al-pas-de-lonada-sobiranista-de-mas","status":"publish","type":"post","link":"https:\/\/www.noucicle.org\/lhora\/intel%c2%b7lectuals-i-professionals-surten-al-pas-de-lonada-sobiranista-de-mas\/","title":{"rendered":"Manifest d&#8217;intel\u00b7lectuals i professionals espanyols sobre la situaci\u00f3 a Catalunya"},"content":{"rendered":"<p><a class=\"highslide\" onclick=\"return vz.expand(this)\" href=\"http:\/\/www.noucicle.org\/lhora\/wp-content\/uploads\/2012\/11\/pluma.jpg\"><img loading=\"lazy\" decoding=\"async\" class=\"alignleft size-medium wp-image-6812\" title=\"pluma\" src=\"http:\/\/www.noucicle.org\/lhora\/wp-content\/uploads\/2012\/11\/pluma-300x225.jpg\" alt=\"\" width=\"300\" height=\"225\" srcset=\"https:\/\/www.noucicle.org\/lhora\/wp-content\/uploads\/2012\/11\/pluma-300x225.jpg 300w, https:\/\/www.noucicle.org\/lhora\/wp-content\/uploads\/2012\/11\/pluma.jpg 500w\" sizes=\"auto, (max-width: 300px) 100vw, 300px\" \/><\/a><!--more--><\/p>\n<p>Aquest \u00e9s el text \u00edntegre:<\/p>\n<p>Volem atendre aquesta crida perqu\u00e8 els promotors d&#8217;una independ\u00e8ncia immediata de Catalunya addueixen beneficis obviant penoses conseq\u00fc\u00e8ncies per a tots.\u00a0A m\u00e9s s&#8217;eximeixen de respondre als ingents problemes que, com a europeus, com a espanyols, com a ciutadans d&#8217;una comunitat aut\u00f2noma i com a ve\u00efns d&#8217;un municipi, ens planteja la crisi econ\u00f2mica i la incapacitat que aqu\u00ed i a Europa s&#8217;adverteix per adoptar decisions v\u00e0lides.\u00a0Afegir una proposta de secessi\u00f3 augura, sota el pavell\u00f3 d&#8217;un nacionalisme exacerbat, el desbordament a curt termini del malestar social a qu\u00e8 ens ve arrossegant el sobtat empobriment i el vertigen de la desesperan\u00e7a d&#8217;un nombre creixent de ciutadans.<\/p>\n<p>Els independentistes converteixen la seva particular idea d&#8217;Espanya en el boc expiatori sobre el qual carregar tots els malestars.\u00a0Abonen aix\u00ed el terreny a la minsa minoria que, des de la resta d&#8217;Espanya, es proposa fer el mateix amb la seva particular idea de Catalunya.\u00a0L&#8217;afirmaci\u00f3 que Espanya va perpetrar agressions contra Catalunya \u00e9s una desgraciada manipulaci\u00f3 del passat, que oblida deliberadament com en els conflictes i guerres civils en qu\u00e8 tot el pa\u00eds es va veure embolicat, els catalans, igual que la resta dels espanyols, es van dividir entre els diferents b\u00e0ndols.<\/p>\n<p>Ni Catalunya est\u00e0 sotmesa a una espoliaci\u00f3 per part d&#8217;Espanya, ni el com\u00fa dels espanyols alberga cap sentiment de menyspreu cap a ella. Ben al contrari: Catalunya suscita afecte, admiraci\u00f3 i reconeixement, entre altres raons perqu\u00e8 sense ella, sense la seva llengua, sense la seva cultura i sense la seva aportaci\u00f3 solid\u00e0ria, no pot entendre\u2019s l&#8217;Espanya democr\u00e0tica.\u00a0Les forces pol\u00edtiques que han abra\u00e7at l&#8217;independentisme calculen que, donada la dr\u00e0stica reducci\u00f3 dels recursos de l&#8217;Estat i els patiments de la crisi, seria arribada l&#8217;hora de pugnar per les seves aspiracions maximalistes, sense atendre a l&#8217;ordre constitucional pactat per tots.<\/p>\n<p>A Catalunya hi ha un profund sentiment nacional, del qual la resta dels espanyols s\u00f3n plenament conscients.\u00a0D\u2019aqu\u00ed que sostinguin amb fermesa que hagi de ser reconegut i integrat de nou en el si de les institucions compartides.\u00a0Tanmateix, si aquest sentiment de manera majorit\u00e0ria es manifest\u00e9s contrari de manera irreductible i permanent al manteniment de les institucions que entre tots ens vam donar, la convicci\u00f3 democr\u00e0tica ens obligaria a la resta dels espanyols a prendre\u2019l en consideraci\u00f3 per trobar una soluci\u00f3 apropiada i respectuosa: els ciutadans de Catalunya han de saber que aquest \u00e9s el nostre comprom\u00eds irrenunciable.\u00a0Per\u00f2 han de saber tamb\u00e9 que a la resta d&#8217;Espanya i en la mateixa Catalunya hi ha moltes veus que reclamen seguir avan\u00e7ant junts.<\/p>\n<p>El programa de construcci\u00f3 nacional incentiva als independentistes a sentir-se v\u00edctimes d&#8217;una opressi\u00f3 per part d&#8217;Espanya, a rebutjar la presa en consideraci\u00f3 de les propostes d&#8217;entesa i a silenciar o relegar a tots aquells ciutadans catalans que no subscriguin aquest programa de secessi\u00f3.\u00a0La transici\u00f3 de la dictadura a la democr\u00e0cia es va fer de la llei a la llei passant per la llei.\u00a0Ara, paradoxalment, els independentistes per tirar endavant la seva anomenada transici\u00f3 nacional es proposen violentar la llei democr\u00e0tica, feta per tots i per a tots, amb el prop\u00f2sit d&#8217;il\u00b7luminar una llei nova, feta nom\u00e9s pels que se senten cridats a una missi\u00f3 sense comptar amb els altres.\u00a0En l&#8217;aritm\u00e8tica pol\u00edtica succeeix que l&#8217;ordre dels factors altera el producte<\/p>\n<p>Ni Espanya ni la Constituci\u00f3 de 1978 ni l&#8217;Estatut del 2006 neguen als ciutadans de Catalunya exercir el seu dret a decidir, s\u00f3n els partits que donen suport a la fulminant independ\u00e8ncia de Catalunya que confonen les opcions en conc\u00f3rrer, una per una, a les cites electorals amb programes edulcorats, indolors i sense cost pol\u00edtic, social o econ\u00f2mic, pensant ampliar aix\u00ed els seus suports a les urnes.<\/p>\n<p>Cal que <strong>CiU<\/strong> i les altres forces d&#8217;afinitat independentista assumeixin les seves greus responsabilitats en l&#8217;equivocada gesti\u00f3 d&#8217;aquesta crisi econ\u00f2mica i en els abusos en qu\u00e8 van inc\u00f3rrer i deixin d\u2019exculpar-se sota el sup\u00f2sit de l\u2019espoli perpetrat per Espanya.\u00a0Aquesta estrat\u00e8gia d&#8217;exculpaci\u00f3 els estalvia el debat econ\u00f2mic i social que necessiten tant Catalunya com la resta d&#8217;Espanya, exacerbant i absolutizant, en el seu lloc, un debat nacional i nacionalista.<\/p>\n<p>Considerem, a m\u00e9s, que totes les forces democr\u00e0tiques haurien de sumar-se en la recerca d&#8217;un millor encaix institucional per a Catalunya, d&#8217;un finan\u00e7ament m\u00e9s just i d&#8217;una federalitzaci\u00f3 del deteriorat Estat de les autonomies, que s&#8217;inscrigui en la seva norma suprema la solidaritat interterritorial i els criteris de la seva aplicaci\u00f3 compatibles amb l&#8217;esfor\u00e7 com\u00fa de tots i el principi d&#8217;ordinalitat.\u00a0Per aquest cam\u00ed podrem seguir ampliant les cotes de llibertat, igualtat, progr\u00e9s i respecte mutu aconseguides amb la Constituci\u00f3 de 1978.<\/p>\n<p>[Tamb\u00e9 ahir, un altre grup de persones de diversos \u00e0mbits de la pol\u00edtica, la cultura o l&#8217;economia difonia un altre comunicat sobre els \u00faltims esdeveniments relacionats amb el futur de Catalunya, en el qual exposen arguments aproximats al text anterior.\u00a0Entre el mig centenar de de signants d&#8217;aquest segon text figuren Antonio Elorza (catedr\u00e0tic de Ci\u00e8ncies Pol\u00edtiques de la Universitat Complutense), Jon Juaristi (escriptor), Javier Varela (professor de la Hist\u00f2ria del Pensament Pol\u00edtic), Enrique Gimbernat (catedr\u00e0tic de Dret Penal ), Agust\u00edn Ibarrola (pintor i escultor), F\u00e9lix Ovejero (professor d&#8217;Economia) o Emilio Lamo de Espinosa (catedr\u00e0tic de Sociologia)].<\/p>\n<p>Alguns signants del text<\/p>\n<ul>\n<li>Aguilar, Miguel \u00c1ngel.\u00a0Periodista.<\/li>\n<li>Alberdi, In\u00e9s.\u00a0Catedr\u00e0tica.<\/li>\n<li>Almod\u00f3var, Pedro.\u00a0Cineasta.<\/li>\n<li>\u00c1lvarez Junco, Jos\u00e9.\u00a0Catedr\u00e0tic.<\/li>\n<li>Arregi, Joseba.\u00a0Exprofessor de la UPV i exconseller de      cultura del Govern Basc.<\/li>\n<li>Az\u00faa, F\u00e9lix de.\u00a0Escriptor.<\/li>\n<li>Barreiro, Betlem.\u00a0Soci\u00f2loga.<\/li>\n<li>Caballero Bonald, Jos\u00e9.\u00a0Escriptor.<\/li>\n<li>Cajal, M\u00e1ximo.\u00a0Ambaixador d&#8217;Espanya.<\/li>\n<li>Casanova, Juli\u00e1n.\u00a0Historiador.<\/li>\n<li>Cort\u00e9s, Mat\u00edas.\u00a0Catedr\u00e0tic de Dret Financer.<\/li>\n<li>Croissier Batista, Luis Carlos.\u00a0Economista.<\/li>\n<li>Eguiagaray, Juan Manuel.\u00a0Economista.<\/li>\n<li>Goytisolo, Juan.\u00a0Escriptor<\/li>\n<li>Grandes, Almudena.\u00a0Escriptora.<\/li>\n<li>Guelbenzu, Jos\u00e9 Mar\u00eda.\u00a0Escriptor.<\/li>\n<li>Juli\u00e1, Santos.\u00a0Historiador.<\/li>\n<li>Laborda, Juan Jos\u00e9.\u00a0Senador constituent.<\/li>\n<li>Lindo, Elvira.\u00a0Escriptora.\u00a0Madrid.<\/li>\n<li>L\u00f3pez, Cayetano.\u00a0Director del CIEMAT.<\/li>\n<li>Luna, \u00c1lvaro de.\u00a0Actor.<\/li>\n<li>Mariscal, Javier.\u00a0Dissenyador.<\/li>\n<li>Mart\u00edn Pall\u00edn, Jos\u00e9 Antonio.\u00a0Magistrat Em\u00e8rit del Tribunal      Suprem.<\/li>\n<li>Mart\u00ednez Reverte, Javier.\u00a0Escriptor.<\/li>\n<li>Mart\u00ednez Ten, Carmen.\u00a0Pta.\u00a0Consell Seguretat Nuclear.<\/li>\n<li>Moneo, Rafael.\u00a0Arquitecte.<\/li>\n<li>Mu\u00f1oz Molina, Antonio.\u00a0Escriptor.<\/li>\n<li>Ontiveros Baeza, Emilio.\u00a0Catedr\u00e0tic.<\/li>\n<li>Probst Salomon, Barbara.\u00a0Escriptora.<\/li>\n<li>Quadra Salcedo, Tom\u00e1s de la.\u00a0Catedr\u00e0tic.<\/li>\n<li>Querejeta, Elias.\u00a0Productor de cinema.<\/li>\n<li>R\u00e1bago, Joaqu\u00edn.\u00a0Periodista.<\/li>\n<li>Recalde, Jos\u00e9 Ram\u00f3n.\u00a0Exconseller Govern Basc.<\/li>\n<li>Ridao, Jos\u00e9 Mar\u00eda.\u00a0Diplom\u00e0tic i Escriptor.<\/li>\n<li>Rubio Llorente, Francisco.\u00a0Catedr\u00e0tic Dret Constitucional.<\/li>\n<li>S\u00e1nchez-Gij\u00f3n, Aitana.\u00a0Actriu.<\/li>\n<li>Solchaga, Carlos.<\/li>\n<li>Vargas Llosa, Mario.\u00a0Escriptor.<\/li>\n<\/ul>\n<p><a href=\"mailto:http:\/\/politica.elpais.com\/politica\/2012\/11\/03\/actualidad\/1351974095_330773.html\">El Pa\u00eds<\/a><\/p>\n<p>&nbsp;<\/p>\n","protected":false},"excerpt":{"rendered":"<p>Aquest \u00e9s el text \u00edntegre: Volem atendre aquesta crida perqu\u00e8 els promotors d&#8217;una independ\u00e8ncia immediata de Catalunya addueixen beneficis obviant penoses conseq\u00fc\u00e8ncies per a tots.\u00a0A m\u00e9s s&#8217;eximeixen de respondre als ingents problemes que, com a europeus, com a espanyols, com a ciutadans d&#8217;una comunitat aut\u00f2noma i com a ve\u00efns d&#8217;un municipi, ens planteja la crisi &hellip;<\/p>\n","protected":false},"author":1,"featured_media":0,"comment_status":"open","ping_status":"open","sticky":false,"template":"","format":"standard","meta":{"footnotes":""},"categories":[14,15,1],"tags":[],"class_list":["post-6811","post","type-post","status-publish","format-standard","hentry","category-catalunya","category-espanya","category-general"],"_links":{"self":[{"href":"https:\/\/www.noucicle.org\/lhora\/wp-json\/wp\/v2\/posts\/6811","targetHints":{"allow":["GET"]}}],"collection":[{"href":"https:\/\/www.noucicle.org\/lhora\/wp-json\/wp\/v2\/posts"}],"about":[{"href":"https:\/\/www.noucicle.org\/lhora\/wp-json\/wp\/v2\/types\/post"}],"author":[{"embeddable":true,"href":"https:\/\/www.noucicle.org\/lhora\/wp-json\/wp\/v2\/users\/1"}],"replies":[{"embeddable":true,"href":"https:\/\/www.noucicle.org\/lhora\/wp-json\/wp\/v2\/comments?post=6811"}],"version-history":[{"count":4,"href":"https:\/\/www.noucicle.org\/lhora\/wp-json\/wp\/v2\/posts\/6811\/revisions"}],"predecessor-version":[{"id":6825,"href":"https:\/\/www.noucicle.org\/lhora\/wp-json\/wp\/v2\/posts\/6811\/revisions\/6825"}],"wp:attachment":[{"href":"https:\/\/www.noucicle.org\/lhora\/wp-json\/wp\/v2\/media?parent=6811"}],"wp:term":[{"taxonomy":"category","embeddable":true,"href":"https:\/\/www.noucicle.org\/lhora\/wp-json\/wp\/v2\/categories?post=6811"},{"taxonomy":"post_tag","embeddable":true,"href":"https:\/\/www.noucicle.org\/lhora\/wp-json\/wp\/v2\/tags?post=6811"}],"curies":[{"name":"wp","href":"https:\/\/api.w.org\/{rel}","templated":true}]}}