{"id":6551,"date":"2012-10-03T11:06:40","date_gmt":"2012-10-03T09:06:40","guid":{"rendered":"http:\/\/www.noucicle.org\/lhora\/?p=6551"},"modified":"2012-10-03T11:08:07","modified_gmt":"2012-10-03T09:08:07","slug":"quo-vadis-psc","status":"publish","type":"post","link":"https:\/\/www.noucicle.org\/lhora\/quo-vadis-psc\/","title":{"rendered":"Esperan\u00e7a Garrido, Mar Masip, et al.: Quo Vadis PSC?"},"content":{"rendered":"<p><a class=\"highslide\" onclick=\"return vz.expand(this)\" href=\"http:\/\/www.noucicle.org\/lhora\/wp-content\/uploads\/2012\/10\/images.jpeg\"><img loading=\"lazy\" decoding=\"async\" class=\"alignleft size-full wp-image-6552\" title=\"images\" src=\"http:\/\/www.noucicle.org\/lhora\/wp-content\/uploads\/2012\/10\/images.jpeg\" alt=\"\" width=\"259\" height=\"194\" \/><\/a>Som socialistes de base emprenyats, i de motius no ens en falten. L\u2019emprenyament va comen\u00e7ar amb les retallades que el PSOE va fer a l\u2019Estatut aprovat al Parlament el 30 de setembre de 2005 i acaba amb la decisi\u00f3 del PSC en no participar en la marxa del passat onze de setembre, encara que nom\u00e9s fos per escoltar. Pel mig hi ha molts fets que han anat engrandint aquest emprenyament, com ara l\u2019expulsi\u00f3 de Pasqual Maragall, el veto a l\u2019\u00fas del catal\u00e0 a Brussel\u00b7les, l\u2019aposta pel corredor ferroviari central enlloc del mediterrani, el canvi a corre-cuita de la constituci\u00f3 hipotecant el pa\u00eds sense sotmetre-ho a votaci\u00f3 popular, la recent remodelaci\u00f3 parlament\u00e0ria del grup socialista al parlament i fins a les declaracions del m\u00e0xim<br \/>\ndirigent estatal socialista afirmant que les aspiracions dels catalans toparan frontalment amb el PSOE. La mostra que el nostre emprenyament \u00e9s objectiu s\u00f3n els resultats electorals del nostre partit, des del primer emprenyament, el 30 de setembre de 2005, nom\u00e9s hem fet que perdre vots, i alerta, perqu\u00e8 sembla que encara no hem tocat fons. Tot plegat significa que cada vegada el PSC representa l\u2019ideari pol\u00edtic de menys catalans.<\/p>\n<p>El nostre partit no es diu Partit dels Socialistes de Catalunya per casualitat, sin\u00f3 perqu\u00e8 \u00e9s la suma de diferents moviments socialistes, resultat de la varietat de les sensibilitats socialistes de la nostra naci\u00f3 catalana. I diem naci\u00f3 catalana perqu\u00e8 aix\u00ed ho va votar el PSC amb l\u2019estatut del 30 de setembre de 2006. Per tant, el PSC \u00e9s \u201cPartit\u201d, o sigui, \u00e9s una organitzaci\u00f3 democr\u00e0tica que promou la democr\u00e0cia. El PSC \u00e9s \u201cdels Socialistes\u201d, \u00e9s a dir, un partit progressista que promou el socialisme i la just\u00edcia social. I a m\u00e9s, el PSC \u00e9s \u201cde Catalunya\u201d, un partit amb una visi\u00f3 inequ\u00edvocament catalanista. No es tracta ara de discutir l\u2019ideari del PSC, per\u00f2 creiem que l\u2019objectiu d\u2019un partit progressista, socialista i catalanista ha de ser portar la democr\u00e0cia completa a Catalunya, com qualsevol altre pa\u00eds avan\u00e7at, pr\u00f2sper, modern i europeu.<\/p>\n<p>No entenem que un partit socialista estigui en contra d\u2019un refer\u00e8ndum d\u2019autodeterminaci\u00f3. En quin apartat de l\u2019ideari socialista internacional est\u00e0 escrit que el socialisme \u00e9s un moviment pol\u00edtic que est\u00e0 en contra del dret a decidir? El socialisme contemporani, sobretot l\u2019europeu, est\u00e0 a favor d\u2019una democr\u00e0cia radical i absoluta, on la veu la tingui el poble. Quin problema hi ha en que el poble parli? El problema est\u00e0 en el \u201cpoble\u201d o en \u201cla paraula\u201d? Hi ha alguna cosa m\u00e9s pac\u00edfica que la paraula? Hi ha alguna cosa m\u00e9s democr\u00e0tica que la veu del poble? L\u2019excusa<br \/>\nque m\u00e9s sentim aquests dies \u00e9s \u201cque aix\u00f2 no cap a la constituci\u00f3\u201d, b\u00e9, tampoc cabien a la constituci\u00f3 les limitacions d\u2019endeutament i es va solucionar r\u00e0pidament amb una simple votaci\u00f3 al senat. Per\u00f2 potser pels diputats socialistes catalans a Madrid \u00e9s m\u00e9s important la paraula de la cancellera alemanya que la dels catalans.<\/p>\n<p>Els socialistes tenim un gran avantatge respecte els nacionalistes conservadors, i \u00e9s que siguin quines siguin les nostres fronteres, el nostre ideari no resulta alterat, doncs no dep\u00e8n de fronteres. \u00c9s un ideari que s\u2019adapta a qualsevol frontera. Si Catalunya \u00e9s independent o no, el socialisme continua existint, per\u00f2 estar en contra del dret a decidir, empetiteix el socialisme, el fa sectari i residual. El socialisme nom\u00e9s pot cr\u00e9ixer atorgant al poble el dret a decidir, i en aix\u00f2 hi haurien d\u2019estar a favor tots els dem\u00f2crates, vulguin o no la independ\u00e8ncia. \u00c9s el poble qui ha de decidir cap a on hem d\u2019anar i els partits hem de respondre en funci\u00f3 dels clams del poble.<br \/>\nMai a l\u2019inrev\u00e9s.<\/p>\n<p>Per\u00f2 hi ha molta por. Por a escoltar. Por a les prim\u00e0ries, por al dret a decidir, por als refer\u00e8ndums, por a les opinions no oficials. El partit est\u00e0 ple de por, per\u00f2 per contra, el poble est\u00e0 ple de valentia. Escoltarem el poble valent o seguirem en la por immobilista? Un partit que no \u00e9s prou \u00e0gil ni per fer complir els compromisos del congr\u00e9s del mateix partit, com pot ser-ho per complir cap comprom\u00eds amb Catalunya?<\/p>\n<p>La majoria de nosaltres \u00e9rem federalistes conven\u00e7uts, i trobem amb la reforma de l\u2019Estatut, proposta encap\u00e7alada per Pasqual Maragall, una alternativa que no trencava l\u2019estat espanyol per\u00f2 volia donar passos importants en l\u2019autogovern. Per\u00f2 com podem continuar sent federalistes si Catalunya proposa un Estatut ratificat pel poble, pel Parlament, pel Congr\u00e9s dels Diputats i pel Senat i despr\u00e9s, un mecanisme de l\u2019engranatge estatal com \u00e9s el Tribunal Constitucional posa en dubte la voluntat d\u2019un poble i el consens de tres cambres de representaci\u00f3 popular i mutila, unilateralment sense consultar al poble la carta magna catalana? I per m\u00e9s inri, aquesta amputaci\u00f3 compta amb la v\u00e8nia de tot el PSOE i de molts diputats dels PSC a Madrid. Amb aquesta resposta va quedar pal\u00e8s que ni Espanya ni el PSOE<br \/>\nvolen un estat federal, primer perqu\u00e8 no pot haver un estat espanyol federal si no hi ha federalistes m\u00e9s enll\u00e0 de l\u2019Ebre, i segon, perqu\u00e8 no entenen qu\u00e8 \u00e9s ni la pluralitat, ni la plurinacionalitat, ni la riquesa que tot aix\u00f2 aporta a un estat. Ja hem proposat el federalisme i ens han tancat la porta als nassos. Ara nom\u00e9s queden dues opcions: o seguim dient a tot \u201cs\u00ed, Madrid\u201d o b\u00e9 escoltem qu\u00e8 ens diu la majoria del poble catal\u00e0.<\/p>\n<p>I no s\u2019hi val a dir que el dia onze de setembre molta gent es va quedar a casa, perqu\u00e8 el que queda clar \u00e9s que, de moment, a favor de la independ\u00e8ncia s\u2019han manifestat un mili\u00f3 i mig de persones, i en contra encara no<br \/>\nho ha fet ning\u00fa. B\u00e9, s\u00ed, el nostre primer secretari, en Pere Navarro. O \u00e9s en Rubalcaba?<\/p>\n<p>Aquests dubtes s\u00f3n els que generen apatia, i ja \u00e9s hora de redre\u00e7ar la traject\u00f2ria del partit i evitar fabricar m\u00e9s orfes de referent pol\u00edtic. Ja hi ha massa gent progressista que no se sent a gust amb cap partit, i per tant, convidem i animem al PSC a canviar la seva traject\u00f2ria per evitar ser un partit residual, i desitgem que sigui el principal referent dels progressistes catalanistes. Si no canviem a temps correm el risc que l\u2019estructura d\u2019aquest gran projecte que es diu PSC col\u00b7lapsi. Nosaltres volem continuar dins d\u2019aquest projecte i ajudar en el que calgui en les reformes necess\u00e0ries, per\u00f2 les actituds, els fets i les declaracions que estem escoltant \u00faltimament per part d\u2019alguns dels nostres dirigents, sembla una invitaci\u00f3 a construir nous projectes.<\/p>\n<p>O arreglem els problemes estructurals que pateix el PSC o constru\u00efm una nova casa catalanista, socialista i progressista de veritat: des de baix i des del territori, tal i com s\u2019han de fer les cases.<\/p>\n<p>Alguns signants de la carta:<\/p>\n<p>Esperan\u00e7a Garrido (Terrassa, Barcelona)<\/p>\n<p>Mar Masip Colomer (l\u2019Eixample, Barcelona)<\/p>\n<p>M. Teresa Masip Pulido (l\u2019Eixample, Barcelona)<\/p>\n<p>Xavier Ramell i Perpiny\u00e0 (Verd\u00fa, l\u2019Urgell)<\/p>\n<p>Marianne Reutemann Klee (Verd\u00fa, l\u2019Urgell)<\/p>\n<p>Miquel-\u00c0ngel S\u00e1ez Begu\u00e9 (Montesquiu, Osona)<\/p>\n<p>Josep M. Vidal Minguella (l\u2019Espluga de Francol\u00ed, Conca de Barber\u00e0)<\/p>\n<p>&nbsp;<\/p>\n","protected":false},"excerpt":{"rendered":"<p>Som socialistes de base emprenyats, i de motius no ens en falten. L\u2019emprenyament va comen\u00e7ar amb les retallades que el PSOE va fer a l\u2019Estatut aprovat al Parlament el 30 de setembre de 2005 i acaba amb la decisi\u00f3 del PSC en no participar en la marxa del passat onze de setembre, encara que nom\u00e9s &hellip;<\/p>\n","protected":false},"author":1,"featured_media":0,"comment_status":"open","ping_status":"open","sticky":false,"template":"","format":"standard","meta":{"footnotes":""},"categories":[1],"tags":[],"class_list":["post-6551","post","type-post","status-publish","format-standard","hentry","category-general"],"_links":{"self":[{"href":"https:\/\/www.noucicle.org\/lhora\/wp-json\/wp\/v2\/posts\/6551","targetHints":{"allow":["GET"]}}],"collection":[{"href":"https:\/\/www.noucicle.org\/lhora\/wp-json\/wp\/v2\/posts"}],"about":[{"href":"https:\/\/www.noucicle.org\/lhora\/wp-json\/wp\/v2\/types\/post"}],"author":[{"embeddable":true,"href":"https:\/\/www.noucicle.org\/lhora\/wp-json\/wp\/v2\/users\/1"}],"replies":[{"embeddable":true,"href":"https:\/\/www.noucicle.org\/lhora\/wp-json\/wp\/v2\/comments?post=6551"}],"version-history":[{"count":3,"href":"https:\/\/www.noucicle.org\/lhora\/wp-json\/wp\/v2\/posts\/6551\/revisions"}],"predecessor-version":[{"id":6554,"href":"https:\/\/www.noucicle.org\/lhora\/wp-json\/wp\/v2\/posts\/6551\/revisions\/6554"}],"wp:attachment":[{"href":"https:\/\/www.noucicle.org\/lhora\/wp-json\/wp\/v2\/media?parent=6551"}],"wp:term":[{"taxonomy":"category","embeddable":true,"href":"https:\/\/www.noucicle.org\/lhora\/wp-json\/wp\/v2\/categories?post=6551"},{"taxonomy":"post_tag","embeddable":true,"href":"https:\/\/www.noucicle.org\/lhora\/wp-json\/wp\/v2\/tags?post=6551"}],"curies":[{"name":"wp","href":"https:\/\/api.w.org\/{rel}","templated":true}]}}