{"id":5460,"date":"2012-04-17T20:29:57","date_gmt":"2012-04-17T18:29:57","guid":{"rendered":"http:\/\/www.noucicle.org\/lhora\/?p=5460"},"modified":"2012-04-17T20:29:57","modified_gmt":"2012-04-17T18:29:57","slug":"enric-company-el-conseller-puig-de-fracas-en-fracas","status":"publish","type":"post","link":"https:\/\/www.noucicle.org\/lhora\/enric-company-el-conseller-puig-de-fracas-en-fracas\/","title":{"rendered":"Enric Company: El conseller Puig, de frac\u00e0s en frac\u00e0s"},"content":{"rendered":"<p><a class=\"highslide\" onclick=\"return vz.expand(this)\" href=\"http:\/\/www.noucicle.org\/lhora\/wp-content\/uploads\/2012\/04\/felip_puig.jpg\"><img loading=\"lazy\" decoding=\"async\" class=\"alignleft size-medium wp-image-5461\" title=\"felip_puig\" src=\"http:\/\/www.noucicle.org\/lhora\/wp-content\/uploads\/2012\/04\/felip_puig-300x222.jpg\" alt=\"\" width=\"300\" height=\"222\" srcset=\"https:\/\/www.noucicle.org\/lhora\/wp-content\/uploads\/2012\/04\/felip_puig-300x222.jpg 300w, https:\/\/www.noucicle.org\/lhora\/wp-content\/uploads\/2012\/04\/felip_puig.jpg 513w\" sizes=\"auto, (max-width: 300px) 100vw, 300px\" \/><\/a>Setze mesos \u00e9s temps suficient per donar una idea de les capacitats d&#8217;un Govern.\u00a0Al que presideix <strong>Artur Mas<\/strong> aquest per\u00edode li est\u00e0 resultant una penosa ascensi\u00f3 per un calvari econ\u00f2mic i pressupostari.\u00a0<!--more-->Un viacrucis en qu\u00e8, segons diu un dels seus membres, cada reuni\u00f3 setmanal est\u00e0 protagonitzada per una ansiosa recerca de diners per pagar deute, prove\u00efdors i n\u00f2mines.<\/p>\n<p>Si aquesta \u00e9s la crua realitat imposada per la crisi econ\u00f2mica, tamb\u00e9 \u00e9s cert, per\u00f2, que la gesti\u00f3 governamental se la jutja no nom\u00e9s per par\u00e0metres econ\u00f2mics i pressupostaris.\u00a0El conseller d&#8217;Interior,\u00a0<strong>Felip Puig<\/strong>, per exemple, es va delectar en els seus primers mesos tirant enrere algunes pol\u00edtiques del seu antecessor,\u00a0<strong>Joan Saura<\/strong>.\u00a0I amb aix\u00f2 va satisfer els interessos corporatius i ideol\u00f2gics sobre les campanyes en contra del Govern d&#8217;esquerres que havia cavalcat <strong>CiU<\/strong> com a partit de l&#8217;oposici\u00f3.\u00a0Coses com suprimir el codi \u00e8tic de la policia i el programa contra la viol\u00e8ncia masclista, per exemple.\u00a0Per <strong>Puig<\/strong> va ser un moment feli\u00e7.\u00a0Tot molt f\u00e0cil i gratis.\u00a0Per\u00f2 el temps passa i va arribar el moment en qu\u00e8 el conseller va haver de demostrar que sabia fer alguna cosa m\u00e9s que atendre els grups de pressi\u00f3 afins.\u00a0Va arribar el 27 de maig i el Departament d&#8217;Interior no va saber organitzar i dur a terme una operaci\u00f3 tan assequible per a una policia moderna com el desallotjament de la pla\u00e7a de Catalunya convertida en campament del moviment del 15-M.\u00a0El que havia de ser, i va poder ser, una simple operaci\u00f3 d&#8217;higiene a c\u00e0rrec de brigades de escombriaires va acabar en c\u00e0rregues policials i viol\u00e8ncia.\u00a0Un frac\u00e0s.<\/p>\n<p>Un parell de setmanes despr\u00e9s, el conseller <strong>Puig<\/strong> va aconseguir el dubt\u00f3s honor de portar a la primera p\u00e0gina de la premsa internacional la imatge de l&#8217;helic\u00f2pter policial amb qu\u00e8 el president de la Generalitat va aconseguir arribar al Parlament.\u00a0El dia abans s&#8217;havia anunciat la concentraci\u00f3 de manifestants del moviment del 15-M davant el Parlament i el Departament d&#8217;Interior va ser incapa\u00e7 de portar a terme el que deu ser una de les operacions m\u00e9s t\u00edpiques de tota policia: garantir l&#8217;exist\u00e8ncia d&#8217;un pas d&#8217;acc\u00e9s segur als diputats i el Govern a un edifici oficial.\u00a0El dispositiu organitzat va ser un fiasco total i va oferir una altra vegada un pen\u00f3s espectacle de c\u00e0rregues policials in\u00fatils.<\/p>\n<p>No va ser l&#8217;\u00faltima oportunitat que el moviment del 15-M va brindar al Departament d&#8217;Interior per demostrar la seva imper\u00edcia.\u00a0Quatre mesos despr\u00e9s, la policia va improvisar sobre la marxa l&#8217;ocupaci\u00f3 de res menys que la Ciutat de la Just\u00edcia amb l&#8217;objectiu de detenir a sis participants en les manifestacions de juny, quan havien acudit al jutjat per prestar declaraci\u00f3 per aquells fets!\u00a0Aquella delirant iniciativa d&#8217;Interior va provocar una dura i ins\u00f2lita nota de protesta del Tribunal Superior de Just\u00edcia de Catalunya, que la va definir com un ab\u00fas en l&#8217;exercici de la for\u00e7a, en seu judicial.<\/p>\n<p>La vaga general\u00a0de fa un parell de setmanes va oferir a <strong>Puig<\/strong> una nova oportunitat de col\u00b7locar un altre frac\u00e0s de la policia catalana a les portades de la premsa internacional.\u00a0Aquesta vegada per xocs amb el nucli de manifestants anarquitzants que a Barcelona sol aprofitar algunes grans concentracions i celebracions per fer acte de pres\u00e8ncia. Aquesta vegada van cremar un Starbucks i nombrosos contenidors d&#8217;escombraries, entre altres coses.\u00a0No era la primera vaga general en els \u00faltims anys.\u00a0En les anteriors hi havia hagut desplegaments policials discrets, pr\u00e8viament pactats amb els sindicats, i no hi havia hagut xocs destacables.\u00a0Per\u00f2 a <strong>Puig<\/strong> li agraden les portades de la gran premsa. Aquesta vegada, va escalfar la vaga ordenant la detenci\u00f3 de piquets el mat\u00ed del 29 de mar\u00e7, per si no n&#8217;hi hagu\u00e9s prou amb les retallades salarials i la destrucci\u00f3 d&#8217;ocupaci\u00f3.<\/p>\n<p>Ara, davant l&#8217;evid\u00e8ncia del seu desbordament, <strong>Puig<\/strong> recorre al populisme, en companyia del ministre <strong>Fern\u00e1ndez D\u00edaz<\/strong>, per vendre la idea que retallant drets i endurint el Codi Penal aconseguir\u00e0 controlar el que se li escapa de les mans.\u00a0Per\u00f2 abans de pensar en com ficar m\u00e9s gent a la pres\u00f3, seria m\u00e9s rendible cercar un conseller d&#8217;Interior i un director general de policia prudents i experts.<\/p>\n<p><a href=\"http:\/\/ccaa.elpais.com\/ccaa\/2012\/04\/16\/catalunya\/1334604194_507314.html\">El Pa\u00eds<\/a><\/p>\n<p>&nbsp;<\/p>\n","protected":false},"excerpt":{"rendered":"<p>Setze mesos \u00e9s temps suficient per donar una idea de les capacitats d&#8217;un Govern.\u00a0Al que presideix Artur Mas aquest per\u00edode li est\u00e0 resultant una penosa ascensi\u00f3 per un calvari econ\u00f2mic i pressupostari.\u00a0Un viacrucis en qu\u00e8, segons diu un dels seus membres, cada reuni\u00f3 setmanal est\u00e0 protagonitzada per una ansiosa recerca de diners per pagar deute, &hellip;<\/p>\n","protected":false},"author":1,"featured_media":0,"comment_status":"open","ping_status":"open","sticky":false,"template":"","format":"standard","meta":{"footnotes":""},"categories":[14,1],"tags":[],"class_list":["post-5460","post","type-post","status-publish","format-standard","hentry","category-catalunya","category-general"],"_links":{"self":[{"href":"https:\/\/www.noucicle.org\/lhora\/wp-json\/wp\/v2\/posts\/5460","targetHints":{"allow":["GET"]}}],"collection":[{"href":"https:\/\/www.noucicle.org\/lhora\/wp-json\/wp\/v2\/posts"}],"about":[{"href":"https:\/\/www.noucicle.org\/lhora\/wp-json\/wp\/v2\/types\/post"}],"author":[{"embeddable":true,"href":"https:\/\/www.noucicle.org\/lhora\/wp-json\/wp\/v2\/users\/1"}],"replies":[{"embeddable":true,"href":"https:\/\/www.noucicle.org\/lhora\/wp-json\/wp\/v2\/comments?post=5460"}],"version-history":[{"count":3,"href":"https:\/\/www.noucicle.org\/lhora\/wp-json\/wp\/v2\/posts\/5460\/revisions"}],"predecessor-version":[{"id":5464,"href":"https:\/\/www.noucicle.org\/lhora\/wp-json\/wp\/v2\/posts\/5460\/revisions\/5464"}],"wp:attachment":[{"href":"https:\/\/www.noucicle.org\/lhora\/wp-json\/wp\/v2\/media?parent=5460"}],"wp:term":[{"taxonomy":"category","embeddable":true,"href":"https:\/\/www.noucicle.org\/lhora\/wp-json\/wp\/v2\/categories?post=5460"},{"taxonomy":"post_tag","embeddable":true,"href":"https:\/\/www.noucicle.org\/lhora\/wp-json\/wp\/v2\/tags?post=5460"}],"curies":[{"name":"wp","href":"https:\/\/api.w.org\/{rel}","templated":true}]}}