{"id":5333,"date":"2012-03-19T16:33:39","date_gmt":"2012-03-19T14:33:39","guid":{"rendered":"http:\/\/www.noucicle.org\/lhora\/?p=5333"},"modified":"2012-03-19T16:33:39","modified_gmt":"2012-03-19T14:33:39","slug":"francesc-arroyo-barcelona-es-menys-verda","status":"publish","type":"post","link":"https:\/\/www.noucicle.org\/lhora\/francesc-arroyo-barcelona-es-menys-verda\/","title":{"rendered":"Francesc Arroyo: Barcelona \u00e9s menys verda"},"content":{"rendered":"<p><a class=\"highslide\" onclick=\"return vz.expand(this)\" href=\"http:\/\/www.noucicle.org\/lhora\/wp-content\/uploads\/2012\/03\/parc.jpg\"><img loading=\"lazy\" decoding=\"async\" class=\"alignleft size-medium wp-image-5334\" title=\"parc\" src=\"http:\/\/www.noucicle.org\/lhora\/wp-content\/uploads\/2012\/03\/parc-275x300.jpg\" alt=\"\" width=\"275\" height=\"300\" srcset=\"https:\/\/www.noucicle.org\/lhora\/wp-content\/uploads\/2012\/03\/parc-275x300.jpg 275w, https:\/\/www.noucicle.org\/lhora\/wp-content\/uploads\/2012\/03\/parc.jpg 391w\" sizes=\"auto, (max-width: 275px) 100vw, 275px\" \/><\/a>Per a la dreta que governa Catalunya i Barcelona, \u200b\u200bla defensa del medi ambient no passa de ser un obstacle per al desenvolupament.\u00a0Les empreses anirien millor sense tantes foteses com pret\u00e9n el moviment verd.\u00a0<!--more-->Nom\u00e9s cal escoltar els consellers i regidors per comprovar aquesta afirmaci\u00f3 i, el que \u00e9s pitjor, nom\u00e9s cal veure les seves actuacions.\u00a0L&#8217;\u00faltima, a qu\u00e8 es refereix la lectora ILC, als jardins de Roig i Ravent\u00f3s, a la conflu\u00e8ncia dels carrers Ganduxer i Dalmases, a Barcelona. Aix\u00f2 de seguir cridant-los jardins \u00e9s una forma de parlar, perqu\u00e8 del que s&#8217;hi troba \u00e9s un espai erm, cobert de m\u00e0quines i soroll.<\/p>\n<p>Hi havia fins fa poc m\u00e9s d&#8217;un mes uns jardinets molt aprofitats pels ve\u00efns de la zona.\u00a0A l&#8217;estiu, donaven ombra gaireb\u00e9 un centenar d&#8217;arbres.\u00a0La majoria han desaparegut gaireb\u00e9 amb nocturnitat i tra\u00efdoria.\u00a0L&#8217;ajuntament va notificar al ve\u00efnat l&#8217;actuaci\u00f3 en els jardins, amb l&#8217;objectiu de construir un aparcament privat, per\u00f2 ho va fer quatre o cinc dies abans d&#8217;iniciar les obres.\u00a0Als ve\u00efns nom\u00e9s els va quedar la possibilitat de fotografiar i inventariar el que anava desapareixent.<\/p>\n<p>Un portaveu municipal explica que s&#8217;han retirat 57 arbres, dels que 44 seran trasplantats despr\u00e9s d&#8217;haver estat traslladats a un viver.\u00a0Altres 13 es perdran (10 pins i 3 pollancres) perqu\u00e8 el seu estat no permetia replantar.\u00a029 m\u00e9s no han estat afectats.\u00a0L&#8217;aparcament privat (l&#8217;actual govern municipal t\u00e9 certa al\u00b7l\u00e8rgia al p\u00fablic) tindr\u00e0 257 places per a cotxes, 88 per a motos i 16 per a bicicletes.<\/p>\n<p>La versi\u00f3 dels ve\u00efns no t\u00e9 res a veure amb l&#8217;oficial.\u00a0El primer que critiquen no \u00e9s ja la tala d&#8217;arbres, sin\u00f3 la decisi\u00f3 mateixa d&#8217;autoritzar-hi un aparcament privat sense consulta p\u00fablica.\u00a0Res objecten a l&#8217;empresa que, en una economia de mercat, busca la l\u00ednia m\u00e9s curta cap al benefici, sin\u00f3 a l&#8217;administraci\u00f3 municipal que ha autoritzat un aparcament on, asseguren, no \u00e9s imprescindible perqu\u00e8 al costat hi ha un altre de rotaci\u00f3 amb places constantment disponibles, com va poder comprovar aquest diari.<\/p>\n<p>Per\u00f2, a m\u00e9s, els ve\u00efns no creuen en absolut que s&#8217;hagin de replantar els arbres com diu l&#8217;ajuntament.\u00a0A qu\u00e8 s&#8217;haur\u00e0 la creixent desconfian\u00e7a de la ciutadania cap a la paraula dels dirigents pol\u00edtics?\u00a0Els motius de la seva falta de fe els explica IL amb claredat.\u00a0&#8220;Dels arbres arrencats, nom\u00e9s&#8221; unes 20 tipuanes van ser remogudes amb el seu pa de terra, se suposa que per ser replantades.\u00a0Van estar 10 o 12 dies tirades a terra, unes damunt les altres, sense regar les les arrels (amb la sequedat actual), nom\u00e9s per fer-nos creure que les replantarien, per\u00f2 \u00e9s obvi que han anat a la trituradora, per trossets de fusta que despr\u00e9s col\u00b7loquen en lloc de parterres, \u00e9s m\u00e9s c\u00f2mode per Parcs i jardins i sobretot molt m\u00e9s antihigi\u00e8nic&#8221;.<\/p>\n<p>Els ve\u00efns creuen que aix\u00f2 no acaba aqu\u00ed.\u00a0I, en efecte, l&#8217;ajuntament reconeix que, de moment i durant vuit mesos, les obres afecten a la meitat del terreny, per\u00f2 que durant quatre mesos m\u00e9s afectaran tot el parc.\u00a0El ve\u00efnat exigeix \u200b\u200bla reparaci\u00f3 del que hi havia (inclosa una font), aix\u00ed com els 10 pins arrencats, dues oliveres, sis bedolls, ac\u00e0cies i xiprers amb m\u00e9s de 45 anys d&#8217;edat, dif\u00edcils de reposar sense m\u00e9s.\u00a0Caldr\u00e0 veure qu\u00e8 passa i si l&#8217;actual equip de govern recorda que en la seva campanya parlava de la ciutat de les persones i no la dels cotxes.\u00a0Per m\u00e9s que, com afegeix el portaveu, l&#8217;actuaci\u00f3 no tingui cost per al municipi.\u00a0Per al ve\u00efnat si el t\u00e9.<\/p>\n<p><a href=\"http:\/\/blogs.elpais.com\/no-funciona\/2012\/03\/barcelona-es-menos-verde.html\">El Pa\u00eds<\/a><\/p>\n<p>&nbsp;<\/p>\n","protected":false},"excerpt":{"rendered":"<p>Per a la dreta que governa Catalunya i Barcelona, \u200b\u200bla defensa del medi ambient no passa de ser un obstacle per al desenvolupament.\u00a0Les empreses anirien millor sense tantes foteses com pret\u00e9n el moviment verd.\u00a0Nom\u00e9s cal escoltar els consellers i regidors per comprovar aquesta afirmaci\u00f3 i, el que \u00e9s pitjor, nom\u00e9s cal veure les seves actuacions.\u00a0L&#8217;\u00faltima, &hellip;<\/p>\n","protected":false},"author":1,"featured_media":0,"comment_status":"open","ping_status":"open","sticky":false,"template":"","format":"standard","meta":{"footnotes":""},"categories":[1],"tags":[],"class_list":["post-5333","post","type-post","status-publish","format-standard","hentry","category-general"],"_links":{"self":[{"href":"https:\/\/www.noucicle.org\/lhora\/wp-json\/wp\/v2\/posts\/5333","targetHints":{"allow":["GET"]}}],"collection":[{"href":"https:\/\/www.noucicle.org\/lhora\/wp-json\/wp\/v2\/posts"}],"about":[{"href":"https:\/\/www.noucicle.org\/lhora\/wp-json\/wp\/v2\/types\/post"}],"author":[{"embeddable":true,"href":"https:\/\/www.noucicle.org\/lhora\/wp-json\/wp\/v2\/users\/1"}],"replies":[{"embeddable":true,"href":"https:\/\/www.noucicle.org\/lhora\/wp-json\/wp\/v2\/comments?post=5333"}],"version-history":[{"count":1,"href":"https:\/\/www.noucicle.org\/lhora\/wp-json\/wp\/v2\/posts\/5333\/revisions"}],"predecessor-version":[{"id":5335,"href":"https:\/\/www.noucicle.org\/lhora\/wp-json\/wp\/v2\/posts\/5333\/revisions\/5335"}],"wp:attachment":[{"href":"https:\/\/www.noucicle.org\/lhora\/wp-json\/wp\/v2\/media?parent=5333"}],"wp:term":[{"taxonomy":"category","embeddable":true,"href":"https:\/\/www.noucicle.org\/lhora\/wp-json\/wp\/v2\/categories?post=5333"},{"taxonomy":"post_tag","embeddable":true,"href":"https:\/\/www.noucicle.org\/lhora\/wp-json\/wp\/v2\/tags?post=5333"}],"curies":[{"name":"wp","href":"https:\/\/api.w.org\/{rel}","templated":true}]}}