{"id":4057,"date":"2011-05-25T19:19:59","date_gmt":"2011-05-25T17:19:59","guid":{"rendered":"http:\/\/www.noucicle.org\/lhora\/?p=4057"},"modified":"2011-05-25T19:22:26","modified_gmt":"2011-05-25T17:22:26","slug":"arnau-ramirez-sobre-la-iniciativa-congresdesdebaix","status":"publish","type":"post","link":"https:\/\/www.noucicle.org\/lhora\/arnau-ramirez-sobre-la-iniciativa-congresdesdebaix\/","title":{"rendered":"Arnau Ram\u00edrez: Sobre la iniciativa #congresdesdebaix"},"content":{"rendered":"<p><a class=\"highslide\" onclick=\"return vz.expand(this)\" href=\"http:\/\/www.noucicle.org\/lhora\/wp-content\/uploads\/2010\/01\/gent4.jpg\"><img loading=\"lazy\" decoding=\"async\" class=\"alignleft size-medium wp-image-1570\" title=\"gent4\" src=\"http:\/\/www.noucicle.org\/lhora\/wp-content\/uploads\/2010\/01\/gent4-300x300.jpg\" alt=\"\" width=\"300\" height=\"300\" srcset=\"https:\/\/www.noucicle.org\/lhora\/wp-content\/uploads\/2010\/01\/gent4-300x300.jpg 300w, https:\/\/www.noucicle.org\/lhora\/wp-content\/uploads\/2010\/01\/gent4-150x150.jpg 150w, https:\/\/www.noucicle.org\/lhora\/wp-content\/uploads\/2010\/01\/gent4-50x50.jpg 50w, https:\/\/www.noucicle.org\/lhora\/wp-content\/uploads\/2010\/01\/gent4.jpg 390w\" sizes=\"auto, (max-width: 300px) 100vw, 300px\" \/><\/a>Ahir al vespre, mentre mirava tweets  despr\u00e9s de sopar, vaig veure un comentari de l&#8217;alcaldessa de  Campdev\u00e0nol, la <strong>N\u00faria L\u00f3pez<\/strong>, en el que deia que al <strong>PSC<\/strong> li calia fer un  Congr\u00e9s de baix a dalt, escoltant les bases i totes aquelles reflexions  que caldr\u00e0 anar fent des de ja mateix per tal d&#8217;evaluar els motius pels  quals el <strong>PSC<\/strong> s&#8217;ha enfonsat a les eleccions auton\u00f2miques i municipals i  posar fil a l&#8217;agulla.<\/p>\n<p>Per  donar suport a aquesta idea vaig crear el hastag #congresdesdebaix,  sense saber el gran seguiment que tindria. Unes hores despr\u00e9s, m\u00e9s de  320 tweets en fan refer\u00e8ncia i ja han intervingut persones com en <strong>Raimon  Obiols<\/strong>, la <strong>Montserrat Tura<\/strong> i la <strong>Dolors Colell<\/strong>, entre molts altres.<\/p>\n<p>Alguns  mitjans de comunicaci\u00f3 digital ja parlen de &#8220;revolta&#8221; de les bases del <strong> PSC<\/strong>. I la veritat \u00e9s que s\u00f3n un xic exagerats. El que si \u00e9s cert \u00e9s que  hi ha un munt de companys del partit que consideren que cal canviar  moltes coses. A les darreres eleccions auton\u00f2miques el <strong>PSC<\/strong> va obtenir  els pitjors resultats de la seva hist\u00f2ria, i en aquestes municipals les  candidatures socialistes han perdut gran part de la for\u00e7a municipal que  hist\u00f2ricament ha estat en mans del <strong>PSC<\/strong>. A partir de l&#8217;11 de maig, ja no  podrem dir, ni de bon tros, que el 75% dels ciutadans de Catalunya t\u00e9 un  alcalde o alcaldessa del <strong>PSC<\/strong>.<\/p>\n<p>Per tot aix\u00f2, cal obrir un proc\u00e9s  de reflexi\u00f3. Els que vulgui esperar a l&#8217;octubre, que ho facin. Per\u00f2  mentre, la resta ja anem pensant sobre all\u00f2 que no s&#8217;ha fet del tot b\u00e9 i  sobre les decisions que s&#8217;han pres vulnerant principis b\u00e0sics del  partit i dels seus electors.<\/p>\n<p>Des del meu punt de vista, el proper  Congr\u00e9s del <strong>PSC<\/strong> s&#8217;hauria d&#8217;haver programat per al juliol i no per  l&#8217;octubre. Portem mig any sense l\u00edder, ni projecte ni discurs, i no hi  ha cap motiu l\u00f2gic per allargar-ho 5 mesos m\u00e9s. En tot cas, i tot i que  les cares visibles del <strong>PSC<\/strong> s\u00f3n gent apoltronada que porten massa anys al  c\u00e0rrec, o de c\u00e0rrec en c\u00e0rrec, el problema \u00e9s de continguts i de  maneres de fer. Les cares s\u00f3n el de menys, mentre no siguin les de  sempre.<\/p>\n<p>Ha arribat el moment de recuperar la il\u00b7lusi\u00f3. Cal  trencar i superar els vicis de tants anys de governs socialistes arreu.  Cal renovar les cares, les idees i les maneres de fer. Cal aparcar els  cotxes oficials i tornar a trepitjar carrer. S&#8217;ha de tornar arribar als  joves, perqu\u00e8 segons quines figures molt institucionals i serioses \u00e9s  obvi que no han estat capa\u00e7os de fer-ho. Cal, doncs, tornar a sumar, i  per aix\u00f2 cal superar la feixuga cantarella de les \u00e0nimes del <strong>PSC<\/strong>. Som un  partit gran, i cal obrir-lo encara m\u00e9s. Sense etiquetar. I, aix\u00f2 si,  essent coherent entre el que es defensa a Catalunya i a Madrid. Cal  tornar a les pol\u00edtiques progressistes, deixar de recolzar mesures  conservadores, per molt imposades que ens puguin venir, i saber plantar  cara davant de les injust\u00edcies i no conviure-hi de forma passiva. Calen,  obviament, moltes coses.  I per tot plegat, ser\u00e0 necessari disposar  dels suficients espais de debat per construir un nou projecte  col\u00b7lectiu, integrador, i amb el que s&#8217;hi puguin sentir c\u00f2modes quantes  m\u00e9s persones millors, tinguin o no el carnet del <strong>PSC<\/strong>.<\/p>\n<p>La iniciativa #congresdesdebaix no  \u00e9s res m\u00e9s que la voluntat d&#8217;escoltar i ser escoltats, de recollir  propostes de tothom qui en vulgui fer i poder generar espais de debat  sans i constructius. De moment, ja estem tenint cert ress\u00f3:<\/p>\n<p><a href=\"http:\/\/www.ara.cat\/especials\/eleccions22m\/PSC-tambe-indignats-reclamen-congres-indignatsPSC_0_486552371.html\">Diari Ara: &#8220;El PSC tamb\u00e9 t\u00e9 els seus indignats i reclama un congr\u00e9s des de baix<\/a>&#8221;<br \/>\n<a href=\"http:\/\/politica.e-noticies.es\/revuelta-de-las-bases-del-psc-53447.html\">E-Noticies: &#8220;Revuelta en las bases del PSC: la alcaldesa de Campdev\u00e0nol N\u00faria L\u00f3pez y el concejal de Sant Feliu de Codines Arnau Ram\u00edrez crean el hastag #congresdesdebaix&#8221;<\/a><\/p>\n<p>Per  altra banda, tamb\u00e9 s&#8217;ha pronunciat sobre aquesta iniciativa per  fomentar la participaci\u00f3 i recollida d&#8217;idees de les bases el president  del Grup Parlamentari Socialista al Parlament, <strong>Joaquim Nadal<\/strong>: <em>&#8220;prefereixo  els canvis que venen des de baix que no pas des d&#8217;alt; m&#8217;estimo m\u00e9s que  el moviment sorgeixi de la base de la pir\u00e0mide que de la c\u00faspide&#8221;<\/em><\/p>\n<p><a href=\"http:\/\/arnauramirez.blogspot.com\/2011\/05\/congresdesdebaix.html\">El Quadern de l&#8217;Arnau Ram\u00edrez<\/a><\/p>\n","protected":false},"excerpt":{"rendered":"<p>Ahir al vespre, mentre mirava tweets despr\u00e9s de sopar, vaig veure un comentari de l&#8217;alcaldessa de Campdev\u00e0nol, la N\u00faria L\u00f3pez, en el que deia que al PSC li calia fer un Congr\u00e9s de baix a dalt, escoltant les bases i totes aquelles reflexions que caldr\u00e0 anar fent des de ja mateix per tal d&#8217;evaluar els &hellip;<\/p>\n","protected":false},"author":1,"featured_media":0,"comment_status":"open","ping_status":"open","sticky":false,"template":"","format":"standard","meta":{"footnotes":""},"categories":[1],"tags":[82],"class_list":["post-4057","post","type-post","status-publish","format-standard","hentry","category-general","tag-psc"],"_links":{"self":[{"href":"https:\/\/www.noucicle.org\/lhora\/wp-json\/wp\/v2\/posts\/4057","targetHints":{"allow":["GET"]}}],"collection":[{"href":"https:\/\/www.noucicle.org\/lhora\/wp-json\/wp\/v2\/posts"}],"about":[{"href":"https:\/\/www.noucicle.org\/lhora\/wp-json\/wp\/v2\/types\/post"}],"author":[{"embeddable":true,"href":"https:\/\/www.noucicle.org\/lhora\/wp-json\/wp\/v2\/users\/1"}],"replies":[{"embeddable":true,"href":"https:\/\/www.noucicle.org\/lhora\/wp-json\/wp\/v2\/comments?post=4057"}],"version-history":[{"count":4,"href":"https:\/\/www.noucicle.org\/lhora\/wp-json\/wp\/v2\/posts\/4057\/revisions"}],"predecessor-version":[{"id":4060,"href":"https:\/\/www.noucicle.org\/lhora\/wp-json\/wp\/v2\/posts\/4057\/revisions\/4060"}],"wp:attachment":[{"href":"https:\/\/www.noucicle.org\/lhora\/wp-json\/wp\/v2\/media?parent=4057"}],"wp:term":[{"taxonomy":"category","embeddable":true,"href":"https:\/\/www.noucicle.org\/lhora\/wp-json\/wp\/v2\/categories?post=4057"},{"taxonomy":"post_tag","embeddable":true,"href":"https:\/\/www.noucicle.org\/lhora\/wp-json\/wp\/v2\/tags?post=4057"}],"curies":[{"name":"wp","href":"https:\/\/api.w.org\/{rel}","templated":true}]}}