{"id":38245,"date":"2026-04-11T12:36:05","date_gmt":"2026-04-11T10:36:05","guid":{"rendered":"https:\/\/www.noucicle.org\/lhora\/?p=38245"},"modified":"2026-04-11T12:36:06","modified_gmt":"2026-04-11T10:36:06","slug":"francesc-trillas-per-una-esquerra-que-vagi-a-la-biblioteca","status":"publish","type":"post","link":"https:\/\/www.noucicle.org\/lhora\/francesc-trillas-per-una-esquerra-que-vagi-a-la-biblioteca\/","title":{"rendered":"Francesc Trillas: Per una esquerra que vagi a la biblioteca"},"content":{"rendered":"\n<h3 class=\"wp-block-heading\">Per una esquerra que vagi a la biblioteca<\/h3>\n\n\n\n<p>No tinc res en contra de les persones que fan servir <strong>Tic Toc<\/strong>. Ni sento cap superioritat moral cap a la gent jove; molts &#8220;<em>grans<\/em>&#8221; estem enganxats a coses menys defensables, com el futbol, les tert\u00falies radiof\u00f2niques o televisives, etc. No crec tampoc que s&#8217;hagin d&#8217;exigir especials credencials acad\u00e8miques o educatives a les persones que es dediquen a la pol\u00edtica, m\u00e9s que l&#8217;honradesa i la voluntat de servei p\u00fablic.<\/p>\n\n\n\n<p>Per\u00f2 a alg\u00fa que aspira a liderar l&#8217;esquerra, o una part important de l&#8217;esquerra, d&#8217;un estat membre de la UE, se li ha d&#8217;exigir un respecte a les biblioteques i un rebuig de l&#8217;anti-intel\u00b7lectualisme, especialment en aquests temps d&#8217;atac a la ci\u00e8ncia i al coneixement. Les biblioteques p\u00fabliques (populars o universit\u00e0ries), menystigudes pel diputat <strong>Rufi\u00e1n<\/strong> en comparaci\u00f3 amb <strong>Tic Toc<\/strong>, s\u00f3n uns dels llocs on he experimentat m\u00e9s felicitat, i encara hi vaig sovint. Les recomano, pel gaudi espiritual i f\u00edsic. \u00c9s quelcom que <strong>Donald Trump<\/strong> no comparteix: ja ha dit que ell de biblioteca presidencial res de res.<\/p>\n\n\n\n<p>Li haur\u00edem de deixar l&#8217;anti-intel\u00b7lectualisme a l&#8217;extrema dreta (com <strong>Mill\u00e1n Astray<\/strong> quan nom\u00e9s sabia cridar&nbsp;<a href=\"https:\/\/www.youtube.com\/watch?v=8pZohK5rg5w\">&#8220;<em><strong>Espa\u00f1a<\/strong><\/em>!&#8221;<\/a>&nbsp;per contradir <strong>Unamuno<\/strong>) o a la dreta (com quan <strong>Pujol<\/strong> li retreia amb conyeta a <strong>Raimon Obiols<\/strong> que llegia massa).<\/p>\n\n\n\n<p>Persones a qui respecto&nbsp;<a href=\"https:\/\/www.ara.cat\/opinio\/operacio-rufian-opa-comuns_129_5702314.html\">han opinat<\/a>&nbsp;millor que jo sobre les propostes de <strong>Rufi\u00e1n<\/strong>, a favor i en contra. Com ha escrit<a href=\"https:\/\/www.eldiario.es\/opinion\/zona-critica\/fragmentacion-izquierdas_129_12994597.html\">&nbsp;<strong>Obiols<\/strong><\/a>, donat el nostre sistema electoral (que com tots, t\u00e9 avantatges i inconvenients), seria desitjable presentar com a m\u00e0xim, a cada prov\u00edncia, tantes candidatures d&#8217;esquerres com el n\u00famero d&#8217;elles que t\u00e9 possibiltats reals d&#8217;entrar al Parlament i ni una m\u00e9s. Del contrari, regalem vots a la dreta. Hi ha exemples hist\u00f2rics d&#8217;oportunitats perdudes: si <strong>EUiA<\/strong> s&#8217;hagu\u00e9s afegit al pacte <strong>PSC-IC<\/strong> al <strong>1999<\/strong>, <strong>Maragall<\/strong> hagu\u00e9s estat President <strong>4<\/strong> preciosos anys abans (i sense <strong>ERC<\/strong>), o si <strong>Iglesias<\/strong> no hagu\u00e9s boicotejat a <strong>Carmena<\/strong> amb una altra llista, aquesta hagu\u00e9s estat alcaldessa <strong>4<\/strong> anys m\u00e9s. Etc.&nbsp;<\/p>\n\n\n\n<p>Per\u00f2 segons tots els&nbsp;<a href=\"https:\/\/elpais.com\/espana\/2026-02-21\/gana-la-izquierda-con-la-propuesta-de-rufian-los-calculos-con-encuestas-y-simulaciones.html\">estudis realitzats<\/a>, amb les enquestes actuals, una alian\u00e7a electoral \u00f2ptima de l&#8217;esquerra no seria suficient per guanyar a la suma de <strong>PP-VOX<\/strong>: calen tamb\u00e9 millors idees i millor programa, i potser millors lideratges a l&#8217;esquerra del <strong>PSOE<\/strong> (per\u00f2 qui soc jo per dir-ho). Potser <strong>Rufi\u00e1n<\/strong> pot ser un referent, per\u00f2 com sap per <strong>Santa Coloma de Gramenet<\/strong>, guanyar a les xarxes no \u00e9s guanyar a les urnes, i t\u00e9 molta autocr\u00edtica a fer de coses f\u00e0cils de trobar a l&#8217;hemeroteca (o, precisament, les xarxes).<\/p>\n\n\n\n<p>En particular, sense una mica d&#8217;autocr\u00edtica per l&#8217;independentisme i el sobiranisme practicats (a l&#8217;extrema dreta li diuen &#8220;<em>sobiranisme<\/em>&#8221; a It\u00e0lia i Fran\u00e7a) no es pot liderar l&#8217;esquerra d&#8217;un Estat membre de la <strong>UE<\/strong>, crec jo. Almenys sense deixar-los enrera, com els socialistes hem deixat enrera idees que defens\u00e0vem fa <strong>50<\/strong> anys o abans. Crec que si el discurs \u00e9s (per aquest ordre) autodeterminaci\u00f3, antifeixisme i omplir la nevera, no hi ha res a fer. Si fem&nbsp;<a href=\"https:\/\/realprogressinenglish.blogspot.com\/2026\/04\/after-nations-global-peace.html\">una reflexi\u00f3<\/a>&nbsp;sobre com organitzar millor el poder pol\u00edtic per aconseguir una societat m\u00e9s igualit\u00e0ria, potser s\u00ed.<\/p>\n\n\n\n<p>Una esquerra que no tingui almenys un neguit intel\u00b7lectual, que no es preocupi per les idees a m\u00e9s de les llistes, que no respecti la cultura en les seves velles i noves expressions, ni vencer\u00e0 ni convencer\u00e0.<\/p>\n\n\n\n<p><\/p>\n","protected":false},"excerpt":{"rendered":"<p>Per una esquerra que vagi a la biblioteca No tinc res en contra de les persones que fan servir Tic Toc. Ni sento cap superioritat moral cap a la gent jove; molts &#8220;grans&#8221; estem enganxats a coses menys defensables, com el futbol, les tert\u00falies radiof\u00f2niques o televisives, etc. No crec tampoc que s&#8217;hagin d&#8217;exigir especials &hellip;<\/p>\n","protected":false},"author":1,"featured_media":38250,"comment_status":"open","ping_status":"open","sticky":false,"template":"","format":"standard","meta":{"footnotes":""},"categories":[7,1],"tags":[],"class_list":["post-38245","post","type-post","status-publish","format-standard","has-post-thumbnail","hentry","category-espaisocialista","category-general"],"_links":{"self":[{"href":"https:\/\/www.noucicle.org\/lhora\/wp-json\/wp\/v2\/posts\/38245","targetHints":{"allow":["GET"]}}],"collection":[{"href":"https:\/\/www.noucicle.org\/lhora\/wp-json\/wp\/v2\/posts"}],"about":[{"href":"https:\/\/www.noucicle.org\/lhora\/wp-json\/wp\/v2\/types\/post"}],"author":[{"embeddable":true,"href":"https:\/\/www.noucicle.org\/lhora\/wp-json\/wp\/v2\/users\/1"}],"replies":[{"embeddable":true,"href":"https:\/\/www.noucicle.org\/lhora\/wp-json\/wp\/v2\/comments?post=38245"}],"version-history":[{"count":4,"href":"https:\/\/www.noucicle.org\/lhora\/wp-json\/wp\/v2\/posts\/38245\/revisions"}],"predecessor-version":[{"id":38249,"href":"https:\/\/www.noucicle.org\/lhora\/wp-json\/wp\/v2\/posts\/38245\/revisions\/38249"}],"wp:featuredmedia":[{"embeddable":true,"href":"https:\/\/www.noucicle.org\/lhora\/wp-json\/wp\/v2\/media\/38250"}],"wp:attachment":[{"href":"https:\/\/www.noucicle.org\/lhora\/wp-json\/wp\/v2\/media?parent=38245"}],"wp:term":[{"taxonomy":"category","embeddable":true,"href":"https:\/\/www.noucicle.org\/lhora\/wp-json\/wp\/v2\/categories?post=38245"},{"taxonomy":"post_tag","embeddable":true,"href":"https:\/\/www.noucicle.org\/lhora\/wp-json\/wp\/v2\/tags?post=38245"}],"curies":[{"name":"wp","href":"https:\/\/api.w.org\/{rel}","templated":true}]}}