{"id":26280,"date":"2023-03-15T06:30:55","date_gmt":"2023-03-15T05:30:55","guid":{"rendered":"http:\/\/www.noucicle.org\/lhora\/?p=26280"},"modified":"2023-03-15T09:16:46","modified_gmt":"2023-03-15T08:16:46","slug":"raimon-obiols-lapunt-del-dia-56-esbroncada-multa-descivilitzacio","status":"publish","type":"post","link":"https:\/\/www.noucicle.org\/lhora\/raimon-obiols-lapunt-del-dia-56-esbroncada-multa-descivilitzacio\/","title":{"rendered":"Raimon Obiols: L\u2019apunt del dia\/56 (Esbroncada, multa, descivilitzaci\u00f3)"},"content":{"rendered":"\n<p><strong>Esbroncada, multa, descivilitzaci\u00f3<\/strong><\/p>\n\n\n\n<p>15 de mar\u00e7 de 2023<\/p>\n\n\n\n<p>\u201c<em>Ets un merda!<\/em>\u201d, <em>\u201cun imb\u00e8cil!<\/em>\u201d, \u201c<em>un buf\u00f3!<\/em>\u201d, \u201c<em>un in\u00fatil!<\/em>\u201d&#8230; Aquest va ser el l\u00e8xic que <strong>Cyril Hanouna<\/strong>, presentador estrella del canal franc\u00e8s <strong>C8<\/strong>, us\u00e0 el passat <strong>12<\/strong> de novembre de <strong>2022<\/strong> contra un jove diputat de <em>La France Insoumise<\/em>, <strong>Louis Boyard<\/strong>, en el programa &#8220;<a href=\"https:\/\/fr.m.wikipedia.org\/wiki\/Touche_pas_%C3%A0_mon_poste_!\"><strong><em>Touche pas \u00e0 mon poste<\/em><\/strong><\/a>&#8221; (<strong>1<\/strong>).  El diputat s\u2019havia atrevit a criticar\u00a0 <strong>Vincent Bollor\u00e9<\/strong>, propietari del canal <strong>C8<\/strong>, acusant-lo d&#8217;haver &#8220;<em>desforestat el Camerun<\/em>&#8221; i de ser &#8220;<em>una les cinc persones m\u00e9s riques (que) empobreixen Fran\u00e7a i \u00c0frica<\/em>&#8220;. <strong>Hanouna<\/strong> (que diu que el seu patr\u00f3, <strong>Bollor\u00e9<\/strong>, \u00e9s com el seu &#8220;<em>germ\u00e0 gran<\/em>&#8220;, a qui deu una &#8220;<em>lleialtat indestructible<\/em>&#8220;), va reaccionar amb una esbroncada propera a la pallissa. <\/p>\n\n\n\n<p>Fa pocs dies, l&#8217;Autoritat de Regulaci\u00f3 de la Comunicaci\u00f3 Audiovisual i Digital (<strong><a href=\"https:\/\/fr.m.wikipedia.org\/wiki\/Autorit%C3%A9_de_r%C3%A9gulation_de_la_communication_audiovisuelle_et_num%C3%A9rique\">Arcom<\/a><\/strong>), l\u2019autoritat p\u00fablica francesa independent, ha imposat una sanci\u00f3 econ\u00f2mica de <strong>3,5<\/strong> milions d&#8217;euros al grup <strong>Canal+<\/strong> pels insults proferits. \u00c9s la multa m\u00e9s grossa que mai ha imposat l\u2019<strong>ARCOM<\/strong>.  Alguns han dit que l\u2019import \u00e9s excessiu.&nbsp; A m\u00ed em sembla adequat. &nbsp;<br><\/p>\n\n\n\n<p><a href=\"https:\/\/ca.m.wikipedia.org\/wiki\/Norbert_Elias\"><strong>Norbert Elias<\/strong><\/a> definia el proc\u00e9s de civilitzaci\u00f3 com la suma, d&#8217;una banda, de la&nbsp; formaci\u00f3 de l&#8217;Estat modern, que es va reservant progressivament el monopoli de la viol\u00e8ncia; i, de l&#8217;altra banda, de l\u2019autocontrol creixent dels individus sobre la seva viol\u00e8ncia espont\u00e0nia i els seus instints. Els cr\u00edtics d\u2019<strong>Elias<\/strong> assenyalaren que aquesta visi\u00f3, que va descriure en els seus grans llibres (<a href=\"https:\/\/ca.m.wikipedia.org\/wiki\/El_proc%C3%A9s_de_la_civilitzaci%C3%B3\"><strong><em>El proc\u00e9s de la civilitzaci\u00f3<\/em><\/strong><\/a> i <strong><em>La societat cortesana<\/em><\/strong>), encaixava malament amb  l\u2019eclosi\u00f3 de la barb\u00e0rie nazi, que <strong>El\u00edas<\/strong> va patir personalment: exiliat a Anglaterra el <strong>1933<\/strong>,  els seus pares moriren als camps d\u2019extermini. (<strong>2<\/strong>)&nbsp;<\/p>\n\n\n\n<p>En el seu \u00faltim llibre, <em><strong>Els alemanys<\/strong> <\/em>(<strong>1989<\/strong>), <strong>Norbert Elias<\/strong> va mirar de respondre als seus cr\u00edtics.  Un element de la seva resposta era la observaci\u00f3 que, des dels anys <strong>30<\/strong>, s\u2019havia produ\u00eft&nbsp; una \u201c<em>desformalitzaci\u00f3 de les relacions socials<\/em>\u201d.  Abans, deia, les \u201c<em>relacions formals<\/em>\u201d, especialment les que es mantenien en p\u00fablic, obe\u00efen a uns rituals codificats; per\u00f2 en les primeres d\u00e8cades del segle XX, la difer\u00e8ncia entre comportaments formals i informals va desapar\u00e8ixer  gradualment, en un proc\u00e9s a la vegada emancipador i  desestabilitzador. Amb l\u2019ascensi\u00f3 del nazisme, la desestabilitzaci\u00f3 va  produir  un veritable esfondrament civilitzatori, \u00ab<em>un gran col\u00b7lapse de la conducta civilitzada, una gran escomesa de barbaritzaci\u00f3 (\u2026) davant dels nostres ulls, com una cosa&nbsp; inesperada\u00bb.&nbsp;<\/em><\/p>\n\n\n\n<p>Que un popular presentador de televisi\u00f3 es permeti tractar amb tant menyspreu a un parlamentari elegit \u00e9s profundament pertorbador. No \u00e9s una an\u00e8cdota; \u00e9s un s\u00edmptoma inquietant.  Alguna cosa greu est\u00e0 passant. La banalitzaci\u00f3 de la viol\u00e8ncia verbal i escrita en els mitjans i les xarxes, el s\u00f2rdid empobriment del debat p\u00fablic, la brutalitzaci\u00f3 de la discussi\u00f3 pol\u00edtica, s\u00f3n tend\u00e8ncies perillos\u00edssimes que s\u2019han de combatre amb fermesa. En aquests assumptes ens hi juguem molt.<\/p>\n\n\n\n<p><strong>P.S.-<\/strong> Sobre aquest fen\u00f2men de \u00ab<em>descivilitzaci\u00f3<\/em>\u00bb durant la Rep\u00fablica de Weimar, aquesta entrevista de <strong>Gustau Mu\u00f1oz<\/strong> a <strong>Enzo Traverso<\/strong>, publicada a <strong><em>El Temps<\/em><\/strong>,  el <strong>2019<\/strong>,  \u00e9s interessant\u00edssima: \u00ab<a href=\"https:\/\/www.eltemps.cat\/article\/8846\/el-que-podem-retraure-retrospectivament-a-lesquerra-de-weimar-es-la-seua-passivitat\">El que podem&nbsp; retraure retrospectivament a l\u2019esquerra de Weimar \u00e9s la seua passivitat<\/a>\u00bb.<\/p>\n\n\n\n<p>_________________<\/p>\n\n\n\n<p>(<strong>1<\/strong>) El programa \u00e9s un <em>talk-show<\/em> d\u2019actualitat&nbsp; medi\u00e0tica, social i politica, on&nbsp; debaten periodistes i invitats, amb&nbsp; intervals&nbsp; de diversi\u00f3. Es mou al voltant dels&nbsp; <strong>2,5<\/strong> milions de teleespectadors, sobretot gent gran. <br><br>(<strong>2<\/strong>) El <strong>1938<\/strong>, els pares d&#8217;<strong>Elias<\/strong> el van  visitar a Londres. Malgrat la insist\u00e8ncia del seu fill, van voler tornar a Alemanya. El seu pare li va dir: \u00ab<em>Qu\u00e8 em poden fer? Mai he fet mal a ning\u00fa, mai al llarg de la meva vida he vulnerat cap llei<\/em>\u00bb. Recordant-ho, <strong>Elias<\/strong> deia: \u201c<em>Era un alemany<\/em>\u00bb.<\/p>\n","protected":false},"excerpt":{"rendered":"<p>Esbroncada, multa, descivilitzaci\u00f3 15 de mar\u00e7 de 2023 \u201cEts un merda!\u201d, \u201cun imb\u00e8cil!\u201d, \u201cun buf\u00f3!\u201d, \u201cun in\u00fatil!\u201d&#8230; Aquest va ser el l\u00e8xic que Cyril Hanouna, presentador estrella del canal franc\u00e8s C8, us\u00e0 el passat 12 de novembre de 2022 contra un jove diputat de La France Insoumise, Louis Boyard, en el programa &#8220;Touche pas \u00e0 &hellip;<\/p>\n","protected":false},"author":1,"featured_media":26287,"comment_status":"open","ping_status":"open","sticky":false,"template":"","format":"standard","meta":{"footnotes":""},"categories":[285,1,262],"tags":[],"class_list":["post-26280","post","type-post","status-publish","format-standard","has-post-thumbnail","hentry","category-lapunt-del-dia","category-general","category-societat"],"_links":{"self":[{"href":"https:\/\/www.noucicle.org\/lhora\/wp-json\/wp\/v2\/posts\/26280","targetHints":{"allow":["GET"]}}],"collection":[{"href":"https:\/\/www.noucicle.org\/lhora\/wp-json\/wp\/v2\/posts"}],"about":[{"href":"https:\/\/www.noucicle.org\/lhora\/wp-json\/wp\/v2\/types\/post"}],"author":[{"embeddable":true,"href":"https:\/\/www.noucicle.org\/lhora\/wp-json\/wp\/v2\/users\/1"}],"replies":[{"embeddable":true,"href":"https:\/\/www.noucicle.org\/lhora\/wp-json\/wp\/v2\/comments?post=26280"}],"version-history":[{"count":40,"href":"https:\/\/www.noucicle.org\/lhora\/wp-json\/wp\/v2\/posts\/26280\/revisions"}],"predecessor-version":[{"id":26324,"href":"https:\/\/www.noucicle.org\/lhora\/wp-json\/wp\/v2\/posts\/26280\/revisions\/26324"}],"wp:featuredmedia":[{"embeddable":true,"href":"https:\/\/www.noucicle.org\/lhora\/wp-json\/wp\/v2\/media\/26287"}],"wp:attachment":[{"href":"https:\/\/www.noucicle.org\/lhora\/wp-json\/wp\/v2\/media?parent=26280"}],"wp:term":[{"taxonomy":"category","embeddable":true,"href":"https:\/\/www.noucicle.org\/lhora\/wp-json\/wp\/v2\/categories?post=26280"},{"taxonomy":"post_tag","embeddable":true,"href":"https:\/\/www.noucicle.org\/lhora\/wp-json\/wp\/v2\/tags?post=26280"}],"curies":[{"name":"wp","href":"https:\/\/api.w.org\/{rel}","templated":true}]}}