{"id":25970,"date":"2023-03-09T06:49:52","date_gmt":"2023-03-09T05:49:52","guid":{"rendered":"http:\/\/www.noucicle.org\/lhora\/?p=25970"},"modified":"2023-03-09T07:53:02","modified_gmt":"2023-03-09T06:53:02","slug":"raimon-obiols-lapunt-del-dia-50-despres-del-8-m","status":"publish","type":"post","link":"https:\/\/www.noucicle.org\/lhora\/raimon-obiols-lapunt-del-dia-50-despres-del-8-m\/","title":{"rendered":"Raimon Obiols: L\u2019apunt del dia\/50 (Despr\u00e9s del 8-M)"},"content":{"rendered":"\n<p><strong>Despr\u00e9s del 8-M<\/strong><\/p>\n\n\n\n<p>9 de mar\u00e7 de 2023<\/p>\n\n\n\n<p>Les esquerres obtenen  sempre la seva m\u00e0xima for\u00e7a quan van unides en fronts o coalicions amples. Per contra, les disputes i divisions entre els seus diferents grups, o dintre d\u2019aquests, les desmoralitzen i les afebleixen. Amb caracter\u00edstiques que varien segons el paisos, en tots apareix avui un mateix tipus de&nbsp; dificultat: no  \u00e9s f\u00e0cil agregar els partits i sindicats de les esquerres socials i pol\u00edtiques amb els nous&nbsp; moviments basats en identitats de grup (de g\u00e8nere, \u00e8tnia, orientaci\u00f3 sexual, etc.).&nbsp;<\/p>\n\n\n\n<p>En la situaci\u00f3 pol\u00edtica espanyola, aquesta dificultat \u00e9s evident. Les discussions dels darrers temps, que van tenir un punt \u00e0lgid en la jornada d\u2019ahir, indiquen clarament que, si no s\u2019atenuen les&nbsp; posicions, si no s\u2019eviten els tacticismes, si no  es reforcen acords i  lligams, les coses poden anar de mal borr\u00e0s. El govern de coalici\u00f3 pot acabar caient, &#8220;<em>com a conseq\u00fc\u00e8ncia de la lluita entre les dues esquerres pel lideratge del feminisme. Potser aquest ser\u00e0 el veredicte dels historiadors quan examinin el 8 de Mar\u00e7 del 2023<\/em>\u00bb: ho escrivia ahir <strong>Enric Juliana<\/strong> i \u00e9s patent. Les dretes estan mirant amb delectaci\u00f3  l\u2019espectacle d\u2019aquestes disputes autolesionistes; els fa venir salivera.&nbsp;<\/p>\n\n\n\n<p>\u00c9s urgent  una inflexi\u00f3 si no es vol el retorn al govern d\u2019unes dretes cada vegada m\u00e9s endurides i enfurides. \u00c9s imprescindible atenuar  les difer\u00e8ncies, les impaci\u00e8ncies i els personalismes; refor\u00e7ar  una&nbsp; intel\u00b7lig\u00e8ncia estrat\u00e8gica comuna, una mateixa persist\u00e8ncia i una mateixa paci\u00e8ncia (<strong>1<\/strong>). &nbsp;<\/p>\n\n\n\n<p>Hi ha un altre fet major, m\u00e9s enll\u00e0 de la situaci\u00f3 pol\u00edtica espanyola, que abona a favor d\u2019acords amples:  la situaci\u00f3 de les dones al m\u00f3n.&nbsp; L\u2019evoluci\u00f3 general de l\u2019\u00faltim any no ha estat precisament encoratjadora pel que fa a la igualtat d&#8217;oportunitats de les dones i nenes en el m\u00f3n. \u00ab<em>Aven\u00e7os fets al llarg de les darreres d\u00e8cades s&#8217;estan desfent davant els nostres ulls\u00bb<\/em>, ha dit el secretari general de les Nacions Unides, <strong>Ant\u00f3nio Guterres<\/strong>, en ocasi\u00f3 del <strong>8-M<\/strong> d\u2019enguany. No  \u00e9s sols la situaci\u00f3  a l&#8217;Afganistan o a l&#8217;Iran; \u00e9s tamb\u00e9 una tend\u00e8ncia creixent  cap a la restauraci\u00f2  del vell ordre patriarcal que s\u2019est\u00e0 &nbsp; refor\u00e7ant a molts altres pa\u00efsos, inclosos els m\u00e9s propers.<br><\/p>\n\n\n\n<p>Tenia ra\u00f3 <strong>Antoni Puigverd<\/strong> en el seu article d\u2019ahir (\u00ab<a href=\"https:\/\/www.lavanguardia.com\/encatala\/20230308\/8808739\/fractura-femenina.html\"><strong><em>La fractura femenina<\/em><\/strong><\/a>\u00bb) quan assenyalava que les divisions del feminisme potser s\u00f3n degudes, en el fons, al fet que  \u00e9s ja un moviment\u00a0 hegem\u00f2nic. \u00c9s, efectivament, un gran moviment mundial, plural i en clara expansi\u00f3. Les divisions acostumen a apar\u00e8ixer en els per\u00edodes germinals i expansius dels moviments.\u00a0 O b\u00e9 en les\u00a0 fases terminals. <br><\/p>\n\n\n\n<p>No \u00e9s el cas, ni molt menys, sin\u00f3 tot el contrari, en l\u2019expansi\u00f3 actual del moviment hist\u00f2ric de les dones. Vist en perspectiva, \u00e9s evident que, com diu <strong>Puigverd<\/strong>, a l\u2019Occident  \u00ab<em>les dones, en un parell de generacions, han fet un salt immens<\/em>\u00bb.  D\u2019altra banda, en un m\u00f3n summament interconnectat, aquesta gran salt endavant es produeix  quasi simult\u00e0niament en la consci\u00e8ncia de les dones de tot el m\u00f3n,  per terrible que sigui la condici\u00f3 que els imposi la situaci\u00f3 dels seus pa\u00efsos.  Les mobilitzacions&nbsp; a l\u2019Iran en s\u00f3n avui la  demostraci\u00f3 m\u00e9s impressionant.&nbsp;Una ra\u00f3 de m\u00e9s per no dividir-se, per no fraccionar-se, per no afeblir-se,  per no afluixar.&nbsp;<\/p>\n\n\n\n<p>_______________<\/p>\n\n\n\n<p>\u00a0(<strong>1<\/strong>) \u201c<em>Entre nosaltres hi ha poqu\u00edssima paci\u00e8ncia, i es fa dif\u00edcil aconseguir que les persones pensin en termes de lluita perllongada, de moviments a llarg termini, que a m\u00e9s requereixen una acci\u00f3\u00a0 organitzativa i\u00a0 estrat\u00e8gica persistent, que no sempre dep\u00e8n \u00fanicament de la capacitat de\u00a0 convocar manifestacions\u00bb.\u00a0<\/em> Aquesta  reflexi\u00f3 d\u2019<strong>Angela Davis<\/strong> \u00e9s particularment punyent en el moment actual.\u00a0No \u00e9s una invitaci\u00f3  a la paci\u00e8ncia benedictina sin\u00f3 al sentit com\u00fa elemental. <br><\/p>\n\n\n\n<figure class=\"wp-block-gallery columns-1 is-cropped wp-block-gallery-1 is-layout-flex wp-block-gallery-is-layout-flex\"><ul class=\"blocks-gallery-grid\"><li class=\"blocks-gallery-item\"><figure><img loading=\"lazy\" decoding=\"async\" width=\"800\" height=\"533\" src=\"http:\/\/www.noucicle.org\/lhora\/wp-content\/uploads\/2023\/03\/FE418C20-1AB6-465B-BBDF-E16D467E75CD.jpeg\" alt=\"\" data-id=\"26003\" data-full-url=\"http:\/\/www.noucicle.org\/lhora\/wp-content\/uploads\/2023\/03\/FE418C20-1AB6-465B-BBDF-E16D467E75CD.jpeg\" data-link=\"http:\/\/www.noucicle.org\/lhora\/raimon-obiols-lapunt-del-dia-50-despres-del-8-m\/fe418c20-1ab6-465b-bbdf-e16d467e75cd\/\" class=\"wp-image-26003\" srcset=\"https:\/\/www.noucicle.org\/lhora\/wp-content\/uploads\/2023\/03\/FE418C20-1AB6-465B-BBDF-E16D467E75CD.jpeg 800w, https:\/\/www.noucicle.org\/lhora\/wp-content\/uploads\/2023\/03\/FE418C20-1AB6-465B-BBDF-E16D467E75CD-300x200.jpeg 300w, https:\/\/www.noucicle.org\/lhora\/wp-content\/uploads\/2023\/03\/FE418C20-1AB6-465B-BBDF-E16D467E75CD-768x512.jpeg 768w\" sizes=\"auto, (max-width: 800px) 100vw, 800px\" \/><\/figure><\/li><\/ul><figcaption class=\"blocks-gallery-caption\">El 8-M a Teheran, l\u2019any 1979, https:\/\/en.m.wikipedia.org\/wiki\/1979_International_Women%27s_Day_protests_in_Tehran<\/figcaption><\/figure>\n\n\n\n<figure class=\"wp-block-image size-large\"><img loading=\"lazy\" decoding=\"async\" width=\"1024\" height=\"683\" src=\"http:\/\/www.noucicle.org\/lhora\/wp-content\/uploads\/2023\/03\/75D887EC-A9A1-4AA2-A8B1-C00C31B762F7-1024x683.jpeg\" alt=\"\" class=\"wp-image-26006\" srcset=\"https:\/\/www.noucicle.org\/lhora\/wp-content\/uploads\/2023\/03\/75D887EC-A9A1-4AA2-A8B1-C00C31B762F7-1024x683.jpeg 1024w, https:\/\/www.noucicle.org\/lhora\/wp-content\/uploads\/2023\/03\/75D887EC-A9A1-4AA2-A8B1-C00C31B762F7-300x200.jpeg 300w, https:\/\/www.noucicle.org\/lhora\/wp-content\/uploads\/2023\/03\/75D887EC-A9A1-4AA2-A8B1-C00C31B762F7-768x512.jpeg 768w, https:\/\/www.noucicle.org\/lhora\/wp-content\/uploads\/2023\/03\/75D887EC-A9A1-4AA2-A8B1-C00C31B762F7-1536x1025.jpeg 1536w, https:\/\/www.noucicle.org\/lhora\/wp-content\/uploads\/2023\/03\/75D887EC-A9A1-4AA2-A8B1-C00C31B762F7.jpeg 2048w\" sizes=\"auto, (max-width: 1024px) 100vw, 1024px\" \/><figcaption>Manifestaci\u00f3 a Teheran,  25 de novembre de 2019  (AP Photo\/Ebrahim Noroozi, File)<\/figcaption><\/figure>\n\n\n\n<figure class=\"wp-block-image size-large\"><img loading=\"lazy\" decoding=\"async\" width=\"976\" height=\"549\" src=\"http:\/\/www.noucicle.org\/lhora\/wp-content\/uploads\/2023\/03\/AE18A8B0-3269-4A27-9F55-24A19572FE78.jpeg\" alt=\"\" class=\"wp-image-26008\" srcset=\"https:\/\/www.noucicle.org\/lhora\/wp-content\/uploads\/2023\/03\/AE18A8B0-3269-4A27-9F55-24A19572FE78.jpeg 976w, https:\/\/www.noucicle.org\/lhora\/wp-content\/uploads\/2023\/03\/AE18A8B0-3269-4A27-9F55-24A19572FE78-300x169.jpeg 300w, https:\/\/www.noucicle.org\/lhora\/wp-content\/uploads\/2023\/03\/AE18A8B0-3269-4A27-9F55-24A19572FE78-768x432.jpeg 768w, https:\/\/www.noucicle.org\/lhora\/wp-content\/uploads\/2023\/03\/AE18A8B0-3269-4A27-9F55-24A19572FE78-390x220.jpeg 390w\" sizes=\"auto, (max-width: 976px) 100vw, 976px\" \/><figcaption>Manifestaci\u00f3 a Teheran, febrer de 2023<\/figcaption><\/figure>\n\n\n\n<p><\/p>\n","protected":false},"excerpt":{"rendered":"<p>Despr\u00e9s del 8-M 9 de mar\u00e7 de 2023 Les esquerres obtenen sempre la seva m\u00e0xima for\u00e7a quan van unides en fronts o coalicions amples. Per contra, les disputes i divisions entre els seus diferents grups, o dintre d\u2019aquests, les desmoralitzen i les afebleixen. Amb caracter\u00edstiques que varien segons el paisos, en tots apareix avui un &hellip;<\/p>\n","protected":false},"author":1,"featured_media":26000,"comment_status":"open","ping_status":"open","sticky":false,"template":"","format":"standard","meta":{"footnotes":""},"categories":[285,1],"tags":[],"class_list":["post-25970","post","type-post","status-publish","format-standard","has-post-thumbnail","hentry","category-lapunt-del-dia","category-general"],"_links":{"self":[{"href":"https:\/\/www.noucicle.org\/lhora\/wp-json\/wp\/v2\/posts\/25970","targetHints":{"allow":["GET"]}}],"collection":[{"href":"https:\/\/www.noucicle.org\/lhora\/wp-json\/wp\/v2\/posts"}],"about":[{"href":"https:\/\/www.noucicle.org\/lhora\/wp-json\/wp\/v2\/types\/post"}],"author":[{"embeddable":true,"href":"https:\/\/www.noucicle.org\/lhora\/wp-json\/wp\/v2\/users\/1"}],"replies":[{"embeddable":true,"href":"https:\/\/www.noucicle.org\/lhora\/wp-json\/wp\/v2\/comments?post=25970"}],"version-history":[{"count":31,"href":"https:\/\/www.noucicle.org\/lhora\/wp-json\/wp\/v2\/posts\/25970\/revisions"}],"predecessor-version":[{"id":26014,"href":"https:\/\/www.noucicle.org\/lhora\/wp-json\/wp\/v2\/posts\/25970\/revisions\/26014"}],"wp:featuredmedia":[{"embeddable":true,"href":"https:\/\/www.noucicle.org\/lhora\/wp-json\/wp\/v2\/media\/26000"}],"wp:attachment":[{"href":"https:\/\/www.noucicle.org\/lhora\/wp-json\/wp\/v2\/media?parent=25970"}],"wp:term":[{"taxonomy":"category","embeddable":true,"href":"https:\/\/www.noucicle.org\/lhora\/wp-json\/wp\/v2\/categories?post=25970"},{"taxonomy":"post_tag","embeddable":true,"href":"https:\/\/www.noucicle.org\/lhora\/wp-json\/wp\/v2\/tags?post=25970"}],"curies":[{"name":"wp","href":"https:\/\/api.w.org\/{rel}","templated":true}]}}