{"id":24125,"date":"2023-01-28T08:43:10","date_gmt":"2023-01-28T07:43:10","guid":{"rendered":"http:\/\/www.noucicle.org\/lhora\/?p=24125"},"modified":"2023-02-02T10:54:45","modified_gmt":"2023-02-02T09:54:45","slug":"raimon-obiols-lapunt-del-dia-9-la-repugnancia-envers-la-politica","status":"publish","type":"post","link":"https:\/\/www.noucicle.org\/lhora\/raimon-obiols-lapunt-del-dia-9-la-repugnancia-envers-la-politica\/","title":{"rendered":"Raimon Obiols: L\u2019apunt del dia\/10 (La repugn\u00e0ncia envers la pol\u00edtica)"},"content":{"rendered":"\n<p>Alguns amics m\u2019han comentat les \u00ab<em>Tres notes sobre Maquiavel<\/em>\u00bb (<a href=\"http:\/\/www.noucicle.org\/lhora\/lapunt-del-dia-5-tres-apunts-sobre-maquiavel-1\/\">aqu\u00ed<\/a>,  <a href=\"http:\/\/www.noucicle.org\/lhora\/raimon-obiolslapunt-del-dia-6-notes-sobre-maquiavel-2-mussolini-matteotti-gramsci\/\">aqu\u00ed<\/a> i <a href=\"http:\/\/www.noucicle.org\/lhora\/raimon-obiols-lapunt-del-dia-7-tres-apunts-sobre-maquiavel-3-com-engegar-a-tomar-vent-el-dimoni\/\">aqu\u00ed<\/a>)  dient-me que m\u2019havia arrenglerat amb els fans del mestre florent\u00ed i contra els que l\u2019han atacat o l\u2019ataquen. No \u00e9s exactament aix\u00ed: entre el cel i l\u2019infern, votaria per una breu estada al purgatori, per una ra\u00f3 concreta, que intento aclarir a continuaci\u00f3.  <\/p>\n\n\n\n<p><strong>Leo<em> <\/em>Strauss<\/strong> deia (<strong>1<\/strong>)  que titllar <strong>Maquiavel<\/strong> de  \u201c<em>mestre del mal<\/em>\u201d no havia de ser un motiu d\u2019esc\u00e0ndol sin\u00f3 d\u2019un possible rid\u00edcul innocent, inofensiu. Ell, afegia <strong>Strauss<\/strong>, estava disposat a caure-hi: <em>\u201cQuina altra descripci\u00f3 s&#8217;adaptaria a un home que donava lli\u00e7ons com ara que els pr\u00ednceps (\u2026) han d&#8217;assassinar els seus oponents en lloc de confiscar els seus b\u00e9ns, ja que els homes obliden abans l&#8217;assassinat dels seus pares&nbsp; que la p\u00e8rdua del seu patrimoni?\u201d  <\/em>Etc\u00e8tera: la llista d\u2019enormitats  en forma de \u00ab<em>consells al Pr\u00edncep<\/em>\u00bb \u00e9s llarga en l\u2019obra de <strong>Maquiavel<\/strong>. <strong>Bertrand Russell<\/strong> va escriure que havia escrit  un \u00ab<em>manual per a g\u00e0ngsters<\/em>\u00bb (per\u00f2 segurament devia estar pensant m\u00e9s en <strong>Mussolini<\/strong> que en <strong>Maquiavel<\/strong>).&nbsp;<\/p>\n\n\n\n<p>La conclusi\u00f3 de <strong>Strauss<\/strong> era que<em>\u201csi donem per cert que nom\u00e9s un home malvat pot defensar m\u00e0ximes de gangsterisme p\u00fablic i privat, ens veurem obligats a admetre que Maquiavel era un home malvat\u201d.&nbsp; <\/em>Per\u00f2 afegia que, de fet, no havia estat, ni molt menys,  el primer a emetre aquesta mena de recomanacions  esfere\u00efdores, que formen part d\u2019una manera de pensar i d&#8217;actuar en pol\u00edtica tan vella com l\u2019anar a peu. Simplement va ser el primer a fer-ho sense embuts ni arg\u00facies, sense el vel de la hipocresia.&nbsp;<\/p>\n\n\n\n<p>Per contra, la hip\u00f2tesi que han sustentat els defensors de <strong>Maquiavel<\/strong> \u00e9s que els seus consells al Pr\u00edncep tenien segones intencions i s\u2019adre\u00e7aven, de fet, no als tirans sin\u00f3 al poble republic\u00e0.  Soc tamb\u00e9, modestament, del mateix parer, per\u00f2 amb l\u2019afegit que les trucul\u00e8ncies del florent\u00ed, per b\u00e9 que s\u2019interpretin en clau de sarcasme o de  s\u00e0tira, han contribu\u00eft a estimular la repugn\u00e0ncia dels ciutadans envers la pol\u00edtica.&nbsp;Els termes \u00ab<em>maquiavelisme<\/em>\u00bb i \u00ab<em>maquiav\u00e8lic<\/em>\u00bb, ben vigents durant cinc segles, en donen testimoni. <\/p>\n\n\n\n<p>La identificaci\u00f3 tan habitual de la pol\u00edtica amb la mentida, l\u2019engany, el doble joc, per no parlar de la crueltat i la maldat&nbsp; (\u00e9s a dir l\u2019equival\u00e8ncia entre  pol\u00edtica i  \u201c<em>maquiavelisme<\/em>\u201d), t\u00e9 conseq\u00fc\u00e8ncies reaccion\u00e0ries. El m\u00ednim que es pot dir \u00e9s que <strong>Maquiavel<\/strong>, amb els seus \u201c<em>terribles consells<\/em>\u201d (<strong>Strauss<\/strong>) no contribu\u00ed a disminuir aquesta instintiva percepci\u00f3 popular, tan negativa pel \u201c<em>vivere civile<\/em>\u201d i la idea republicana, sin\u00f3 que la va refor\u00e7ar amb t\u00edtols de noblesa.&nbsp;Mal assumpte. <br><br>Com va <a href=\"https:\/\/es.scribd.com\/document\/521035582\/Notas-sobre-la-repugnancia-hacia-la-politica\">escriure <strong>Juan Ram\u00f3n Capella<\/strong><\/a>, \u201c<em>La pol\u00edtica no t\u00e9 per qu\u00e8 ser repugnant, sin\u00f3 tot el contrari: el que \u00e9s repugnant \u00e9s m\u00e9s aviat la societat institu\u00efda, plena de xacres; canviar-la \u00e9s una exig\u00e8ncia abans que res moral per a les persones individuals: l&#8217;exig\u00e8ncia de projectar com es vol que sigui la societat, i treballar per canviar-la<\/em> (\u2026) <em>El tema de la repugn\u00e0ncia envers la pol\u00edtica, doncs, ha de ser reformulat. El que \u00e9s repugnant no \u00e9s la pol\u00edtica considerada en si mateixa, sin\u00f3 certes maneres de practicar la pol\u00edtica; i, en realitat, tamb\u00e9 certes pol\u00edtiques\u201d.<\/em><br>_______________<\/p>\n\n\n\n<p>(<strong>1<\/strong>) <strong>Leo Strauss<\/strong>, <em><a href=\"https:\/\/archive.org\/details\/LeoStraussThoughtsOnMachiavelli_201411\/page\/n7\/mode\/2up\">Thoughts on Machiavelli<\/a><\/em><\/p>\n","protected":false},"excerpt":{"rendered":"<p>Alguns amics m\u2019han comentat les \u00abTres notes sobre Maquiavel\u00bb (aqu\u00ed, aqu\u00ed i aqu\u00ed) dient-me que m\u2019havia arrenglerat amb els fans del mestre florent\u00ed i contra els que l\u2019han atacat o l\u2019ataquen. No \u00e9s exactament aix\u00ed: entre el cel i l\u2019infern, votaria per una breu estada al purgatori, per una ra\u00f3 concreta, que intento aclarir a &hellip;<\/p>\n","protected":false},"author":1,"featured_media":24150,"comment_status":"open","ping_status":"open","sticky":false,"template":"","format":"standard","meta":{"footnotes":""},"categories":[261,285,32,1],"tags":[],"class_list":["post-24125","post","type-post","status-publish","format-standard","has-post-thumbnail","hentry","category-eleccionsalparlament","category-lapunt-del-dia","category-politica","category-general"],"_links":{"self":[{"href":"https:\/\/www.noucicle.org\/lhora\/wp-json\/wp\/v2\/posts\/24125","targetHints":{"allow":["GET"]}}],"collection":[{"href":"https:\/\/www.noucicle.org\/lhora\/wp-json\/wp\/v2\/posts"}],"about":[{"href":"https:\/\/www.noucicle.org\/lhora\/wp-json\/wp\/v2\/types\/post"}],"author":[{"embeddable":true,"href":"https:\/\/www.noucicle.org\/lhora\/wp-json\/wp\/v2\/users\/1"}],"replies":[{"embeddable":true,"href":"https:\/\/www.noucicle.org\/lhora\/wp-json\/wp\/v2\/comments?post=24125"}],"version-history":[{"count":26,"href":"https:\/\/www.noucicle.org\/lhora\/wp-json\/wp\/v2\/posts\/24125\/revisions"}],"predecessor-version":[{"id":24353,"href":"https:\/\/www.noucicle.org\/lhora\/wp-json\/wp\/v2\/posts\/24125\/revisions\/24353"}],"wp:featuredmedia":[{"embeddable":true,"href":"https:\/\/www.noucicle.org\/lhora\/wp-json\/wp\/v2\/media\/24150"}],"wp:attachment":[{"href":"https:\/\/www.noucicle.org\/lhora\/wp-json\/wp\/v2\/media?parent=24125"}],"wp:term":[{"taxonomy":"category","embeddable":true,"href":"https:\/\/www.noucicle.org\/lhora\/wp-json\/wp\/v2\/categories?post=24125"},{"taxonomy":"post_tag","embeddable":true,"href":"https:\/\/www.noucicle.org\/lhora\/wp-json\/wp\/v2\/tags?post=24125"}],"curies":[{"name":"wp","href":"https:\/\/api.w.org\/{rel}","templated":true}]}}