{"id":23966,"date":"2023-01-24T08:33:56","date_gmt":"2023-01-24T07:33:56","guid":{"rendered":"http:\/\/www.noucicle.org\/lhora\/?p=23966"},"modified":"2023-01-24T15:41:50","modified_gmt":"2023-01-24T14:41:50","slug":"raimon-obiolslapunt-del-dia-6-notes-sobre-maquiavel-2-mussolini-matteotti-gramsci","status":"publish","type":"post","link":"https:\/\/www.noucicle.org\/lhora\/raimon-obiolslapunt-del-dia-6-notes-sobre-maquiavel-2-mussolini-matteotti-gramsci\/","title":{"rendered":"Raimon Obiols:L\u2019apunt del d\u00eda\/6 (Tres notes sobre Maquiavel 2: Mussolini, Matteotti,  Gramsci)"},"content":{"rendered":"\n<p><strong>Notes sobre Maquiavel<\/strong> (<strong>2<\/strong>)<\/p>\n\n\n\n<p>(24 de gener de 2023)<\/p>\n\n\n\n<p><strong>Mussolini, Matteotti,  Gramsci<\/strong><\/p>\n\n\n\n<p>Situem-nos, amb un <em>flash-back<\/em>, a l\u2019It\u00e0lia de <strong>1924<\/strong>. El <strong>6<\/strong> d\u2019abril se celebren les \u00faltimes eleccions multipartidistes, en un clima&nbsp; d\u2019intimidaci\u00f3 i viol\u00e8ncia. El <strong>28<\/strong> d\u2019abril, la premsa, ja totalment sotmesa, informa de les \u201c<em>magistrals consideracions\u201d<\/em>&nbsp; que el cap de govern, <strong>Benito Mussolini<\/strong>, ha signat i publicat a la revista <em>Gerarchia<\/em>: un<i> \u00ab<\/i><strong style=\"font-style: italic;\">Preludio a Machiavelli<\/strong><strong><em>\u00bb<\/em><\/strong>.&nbsp; <br><\/p>\n\n\n\n<p>El <strong>30<\/strong> de maig, el l\u00edder socialista <strong>Giacomo<\/strong> <strong>Mateotti<\/strong> pronuncia en el Parlament un discurs demanant l\u2019anul\u00b7laci\u00f3 de les eleccions, a causa  les viol\u00e8ncies i irregularitats comeses. En acabar, diu als seus companys: <em>\u201cEl discurs que calia,  ja&nbsp; l&#8217;he&nbsp; fet. Ara prepareu el discurs&nbsp; del meu funeral\u201d. <\/em>El <strong>10<\/strong> de juny,&nbsp; \u00e9s segrestat i assassinat pels feixistes. <br><\/p>\n\n\n\n<p>A comen\u00e7aments de juliol, quan el seu cad\u00e0ver encara no ha estat trobat, una revista anglesa publica el seu article p\u00f2stum, titulat \u201c<em><strong>Machiavelli, Mussolini and fascism<\/strong><\/em>\u201d, on acusa el dictador d\u2019emparar-se il\u00b7leg\u00edtimament en <strong>Maquiavel<\/strong> per mirar d\u2019excusar  \u201c<em>una forma de govern sotmesa a l\u2019espasa, la viol\u00e8ncia i la perversi\u00f3 pol\u00edtica\u201d<\/em>.<em> <\/em>L\u2019article \u00e9s<em> <\/em>precedit d\u2019una nota dels editors: \u201c<em>Despr\u00e9s d\u2019escriure aquest article, el senyor <strong>Mateotti<\/strong> va ser segrestat per un grup de feixistes i es desconeix qu\u00e8 li ha succe\u00eft<\/em>\u201d.<\/p>\n\n\n\n<p> A les presons de <strong>Mussolini<\/strong>, <strong>Antonio Gramsci <\/strong>va llegir molt <strong>Maquiavel<\/strong>. Es trobava \u201c<em>fora de joc<\/em>\u201d, com&nbsp; el florent\u00ed a San Casciano, for\u00e7at a la inacci\u00f3 despr\u00e9s d\u2019anys d\u2019activitat&nbsp; fren\u00e8tica.&nbsp; Va interpretar que l\u2019oposici\u00f3 de <strong>Maquiavel<\/strong> a <strong>Savonarola<\/strong> no havia estat el xoc entre&nbsp; un c\u00ednic i un fan\u00e0tic, sin\u00f3 la contraposici\u00f3 entre dues maneres de pensar i de fer&nbsp; pol\u00edtica: entre una acci\u00f3 \u201c<em>abstracta i imprecisa<\/em>\u201d, \u201c<em>arbitr\u00e0ria<\/em>\u201d, \u201c<em>vel\u00b7leit\u00e0ria<\/em>\u201d, i una&nbsp; basada en la consideraci\u00f3 objectiva de la realitat concreta, no com un estat de fet immutable sin\u00f3 com \u201c<em>una correlaci\u00f3 de forces en moviment continu i amb continus canvis d\u2019equilibri<\/em>\u201d.<\/p>\n\n\n\n<p>Pensava <strong>Gramsci<\/strong> que <strong>Maquiavel<\/strong> havia \u201c<em>escrit llibres d\u2019acci\u00f3 pol\u00edtica immediata\u201d, <\/em>per\u00f2 que tamb\u00e9&nbsp; havia&nbsp; formulat <em>\u201cconceptes generals, que es presenten en forma afor\u00edstica i no sistem\u00e0tica, i expressen una concepci\u00f3 original del m\u00f3n, que es podria anomenar &#8220;filosofia de la praxi&#8221; o &#8220;neohumanisme&#8221; perqu\u00e8 no reconeix elements trascendentals o immanents (en sentit metaf\u00edsic) sin\u00f3 basats en l&#8217;acci\u00f3 concreta de l&#8217;home que per les seves necessitats hist\u00f2riques treballa i transforma la realitat <\/em>\u201d. Ben vist.&nbsp;<br><\/p>\n\n\n\n<p>\u00a0A l\u2019Uni\u00f3 Sovi\u00e8tica, les obres de <strong>Maquiavel<\/strong> es comen\u00e7aren a publicar durant el per\u00edode de la lluita pel poder entre <strong>Stalin<\/strong> i els seus oponents. \u00c9s significatiu que nom\u00e9s  en sort\u00eds un primer volum, el <strong>1934<\/strong>,  que contenia <em>El Pr\u00edncep <\/em>amb un prefaci del vell bolxevic <strong>Lev K\u00e0menev<\/strong>. Dos anys despr\u00e9s, l\u2019agost de <strong>1936<\/strong>, <strong>K\u00e0menev<\/strong> va ser jutjat i condemnat a mort en el primer proc\u00e9s-espectacle de l\u2019estalinisme<em>, <\/em>acusat pel fiscal <strong>Andrei Vixinski<\/strong>, entre altres \u201c<em>crims<\/em>\u201d,\u00a0 de \u201c<em>maquiavel\u00b7lisme<\/em>\u201d.  De retruc, acus\u00e0 tamb\u00e9 <strong>Maquiavel<\/strong>: \u201c<em>Aquest <strong>Maquiavel<\/strong> era, segons <strong>Kamenev<\/strong>, un dial\u00e8ctic! Aquest canalla era, segons sembla, un dial\u00e8ctic!\u201c<\/em> (<strong>1<\/strong>).<\/p>\n\n\n\n<p>Un canalla, <strong>Maquiavel<\/strong>?  Si potser fou mereixedor d\u2019una curta  temporada al purgatori no \u00e9s pas per haver&nbsp; inspirat les barbaritats d\u2019uns tirans i dictadors que no tenien cap necessitat del seu est\u00edmul,  sin\u00f3 per un efecte pervers dels seus escrits, que ell no podia preveure:  va donar armes a la idea que la pol\u00edtica \u00e9s una activitat cong\u00e8nitamemt repugnant i damnada.  <br><\/p>\n\n\n\n<p>Sumant-se al t\u00f2pic\u00a0 inexacte que\u00a0 sost\u00e8 que les persones de bones intencions s\u00f3n menys intel\u00b7ligents que les malvades, aquesta visi\u00f3  ha contribu\u00eft  a l\u2019arrelament i expansi\u00f3\u00a0 de l\u2019antipol\u00edtica.  Cal no oblidar-ho mai: la repugn\u00e0ncia per la pol\u00edtica \u00e9s estimulada pels poderosos. Tenen un objectiu i \u00e9s maquiav\u00e8lic: deixin vost\u00e8s de fer pol\u00edtica, que ja la farem nosaltres.\u00a0<br>_______________<\/p>\n\n\n\n<p>(<strong>1<\/strong>) <strong>Chimen Abramsky<\/strong>, <em>Kamenev\u2019s Last Essay, New Left Review, <\/em>Londres, juny de 1962.<\/p>\n","protected":false},"excerpt":{"rendered":"<p>Notes sobre Maquiavel (2) (24 de gener de 2023) Mussolini, Matteotti, Gramsci Situem-nos, amb un flash-back, a l\u2019It\u00e0lia de 1924. El 6 d\u2019abril se celebren les \u00faltimes eleccions multipartidistes, en un clima&nbsp; d\u2019intimidaci\u00f3 i viol\u00e8ncia. El 28 d\u2019abril, la premsa, ja totalment sotmesa, informa de les \u201cmagistrals consideracions\u201d&nbsp; que el cap de govern, Benito Mussolini, &hellip;<\/p>\n","protected":false},"author":1,"featured_media":23973,"comment_status":"open","ping_status":"open","sticky":false,"template":"","format":"standard","meta":{"footnotes":""},"categories":[1],"tags":[],"class_list":["post-23966","post","type-post","status-publish","format-standard","has-post-thumbnail","hentry","category-general"],"_links":{"self":[{"href":"https:\/\/www.noucicle.org\/lhora\/wp-json\/wp\/v2\/posts\/23966","targetHints":{"allow":["GET"]}}],"collection":[{"href":"https:\/\/www.noucicle.org\/lhora\/wp-json\/wp\/v2\/posts"}],"about":[{"href":"https:\/\/www.noucicle.org\/lhora\/wp-json\/wp\/v2\/types\/post"}],"author":[{"embeddable":true,"href":"https:\/\/www.noucicle.org\/lhora\/wp-json\/wp\/v2\/users\/1"}],"replies":[{"embeddable":true,"href":"https:\/\/www.noucicle.org\/lhora\/wp-json\/wp\/v2\/comments?post=23966"}],"version-history":[{"count":22,"href":"https:\/\/www.noucicle.org\/lhora\/wp-json\/wp\/v2\/posts\/23966\/revisions"}],"predecessor-version":[{"id":24010,"href":"https:\/\/www.noucicle.org\/lhora\/wp-json\/wp\/v2\/posts\/23966\/revisions\/24010"}],"wp:featuredmedia":[{"embeddable":true,"href":"https:\/\/www.noucicle.org\/lhora\/wp-json\/wp\/v2\/media\/23973"}],"wp:attachment":[{"href":"https:\/\/www.noucicle.org\/lhora\/wp-json\/wp\/v2\/media?parent=23966"}],"wp:term":[{"taxonomy":"category","embeddable":true,"href":"https:\/\/www.noucicle.org\/lhora\/wp-json\/wp\/v2\/categories?post=23966"},{"taxonomy":"post_tag","embeddable":true,"href":"https:\/\/www.noucicle.org\/lhora\/wp-json\/wp\/v2\/tags?post=23966"}],"curies":[{"name":"wp","href":"https:\/\/api.w.org\/{rel}","templated":true}]}}