{"id":227,"date":"2009-09-13T19:57:22","date_gmt":"2009-09-13T17:57:22","guid":{"rendered":"http:\/\/www.noucicle.org\/lhora\/?p=227"},"modified":"2009-09-13T19:57:22","modified_gmt":"2009-09-13T17:57:22","slug":"com-ha-de-ser-la-catalunya-del-futur","status":"publish","type":"post","link":"https:\/\/www.noucicle.org\/lhora\/com-ha-de-ser-la-catalunya-del-futur\/","title":{"rendered":"Com ha de ser la Catalunya del futur?"},"content":{"rendered":"<p><img loading=\"lazy\" decoding=\"async\" class=\"alignleft size-medium wp-image-229\" title=\"question_mark\" src=\"http:\/\/www.noucicle.org\/lhora\/wp-content\/uploads\/2009\/09\/question_mark-300x224.jpg\" alt=\"question_mark\" width=\"300\" height=\"224\" srcset=\"https:\/\/www.noucicle.org\/lhora\/wp-content\/uploads\/2009\/09\/question_mark-300x224.jpg 300w, https:\/\/www.noucicle.org\/lhora\/wp-content\/uploads\/2009\/09\/question_mark.jpg 550w\" sizes=\"auto, (max-width: 300px) 100vw, 300px\" \/>Curioses\u00a0 les respostes que 18 persones han donat a una pregunta que <a href=\"http:\/\/www.albertmedran.com\/2009\/09\/11\/com-ha-de-ser-la-catalunya-del-futur\/\"><strong>Albert Medran<\/strong><\/a> els hi ha fet aquest 11 de Setembre:<strong> Com ha de ser la Catalunya del futur?<!--more--> <\/strong><\/p>\n<p>No es f\u00e0cil respondre a una q\u00fcesti\u00f3 d&#8217;aquesta mena,\u00a0 si s&#8217;ha de fer, com demanava <strong>Medran<\/strong>, amb 140 car\u00e0cters. La majoria se n&#8217;ha sortit prou b\u00e9, amb alguna excepci\u00f3 que cau en la ret\u00f2rica. Jutgeu vosaltres mateixos:<\/p>\n<p>\u201c<em>Catalunya ha de ser un pa\u00eds lliure, obert, pencaire i perspica\u00e7 alhora, creador de riquesa i oportunitats, integrador i un referent de pau<\/em>.\u201d<strong> <a onclick=\"javascript:pageTracker._trackPageview ('\/outbound\/www.ernestbenach.cat');\" href=\"http:\/\/www.ernestbenach.cat\/\" target=\"_blank\">Ernest Benach<\/a><\/strong>, President del Parlament de Catalunya.<\/p>\n<p>\u201c<em>Segura de si mateixa, din\u00e0mica, creativa, integradora, justa i projectada al m\u00f3n i nacionalment forta<\/em>.\u201d <strong><a onclick=\"javascript:pageTracker._trackPageview ('\/outbound\/www.ciu.cat');\" href=\"http:\/\/www.ciu.cat\/microsite.php?ms_ID=7\" target=\"_blank\">Artur Mas<\/a><\/strong>, President de CiU<\/p>\n<p>\u201c\u201c<em>Fes que siguin segurs els ponts del di\u00e0leg i mira de comprendre i estimar les raons i les parles diverses dels teus fills<\/em>.\u201d Salvador Espriu\u201d,\u00a0 <a onclick=\"javascript:pageTracker._trackPageview ('\/outbound\/www.gutierrez-rubi.es');\" href=\"http:\/\/www.gutierrez-rubi.es\/\" target=\"_blank\"><strong>Antoni Guti\u00e9rrez-Rub<\/strong>\u00ed<\/a>.<\/p>\n<p>\u201c<strong><em>Un pa\u00eds on les persones gaudeixin de la igualtat i la justicia amb oportunitats laborals, personals i d\u2019oci que la facin un lloc ideal per a la felicitat de les persones<\/em><\/strong>.\u201d,\u00a0 <strong><a onclick=\"javascript:pageTracker._trackPageview ('\/outbound\/lourdesmunozsantamaria.blogspot.com');\" href=\"http:\/\/lourdesmunozsantamaria.blogspot.com\/\" target=\"_blank\">Lourdes Mu\u00f1oz<\/a><\/strong>, diputada del PSC al Congr\u00e9s dels Diputats<\/p>\n<p>\u201c<em>Equirable a tots aquells estats de la UE plenament avan\u00e7ats\u2026I com a tal, haur\u00e0 de disposar dels mateixos mecanismes: econ\u00f2mics i pol\u00edtics.<\/em>\u201d,\u00a0 <strong><a onclick=\"javascript:pageTracker._trackPageview ('\/outbound\/nachocorredor.wordpress.com');\" href=\"http:\/\/nachocorredor.wordpress.com\/\" target=\"_blank\">Nacho Corredor<\/a><\/strong>.<\/p>\n<p>\u201c<em>Adaptar\u00e9 la cita m\u00edtica. Cada dia veig m\u00e9s clar que ens cal una Catalunya nacionalment lliure, socialment justa i espiritualment plena\u2026 ja.<\/em>\u201d,\u00a0 <strong><a onclick=\"javascript:pageTracker._trackPageview ('\/outbound\/toniaira.blogspot.com');\" href=\"http:\/\/toniaira.blogspot.com\/\" target=\"_blank\">Toni Aira<\/a><\/strong><\/p>\n<p>\u201c<em>Catalunya ser\u00e0 log\u00edsitca, tecnol\u00f2gica i tur\u00edstica o no ser\u00e0<\/em>.\u201d <strong><a onclick=\"javascript:pageTracker._trackPageview ('\/outbound\/blocs.mesvilaweb.cat');\" href=\"http:\/\/blocs.mesvilaweb.cat\/marcteixidor\" target=\"_blank\">Marc Teixidor.<\/a><\/strong><\/p>\n<p>\u201c<em>M\u2019agradaria una Catalunya que compagini la seva identitat amb la globalitat, que generi i allotji empreses de refer\u00e8ncia en innovaci\u00f3, ho tenim tot!<\/em>\u201d , <strong><a onclick=\"javascript:pageTracker._trackPageview ('\/outbound\/www.didaclee.com');\" href=\"http:\/\/www.didaclee.com\/es\/\" target=\"_blank\">D\u00eddac Lee<\/a><\/strong>.<\/p>\n<p>\u201c<em>Catalunya ha de ser innovadora i emprenedora en tots els seus \u00e0mbits, especialment en el de la preparaci\u00f3 dels seus infants i joves, en el sistema educatiu des de l\u2019escola bressol fins a la universitat.<\/em>\u201d ,<strong> <a onclick=\"javascript:pageTracker._trackPageview ('\/outbound\/trinamilan.cat');\" href=\"http:\/\/trinamilan.cat\/\" target=\"_blank\">Trina Milan<\/a><\/strong>.<\/p>\n<p>\u201c<em>Una Catalunya m\u00e9s preparada, m\u00e9s ambiciosa, m\u00e9s creativa, menys dogm\u00e0tica, m\u00e9s culta, m\u00e9s digna. Menys t\u00e0ctica, m\u00e9s estrat\u00e8gica<\/em>\u201d,\u00a0<strong> <a onclick=\"javascript:pageTracker._trackPageview ('\/outbound\/paucanaleta.blogspot.com');\" href=\"http:\/\/paucanaleta.blogspot.com\/\" target=\"_blank\">Pau Canaleta<\/a><\/strong>.<\/p>\n<p>\u201c<em>Espero una Catalunya no nacionalista. El cost d\u2019oportunitat (enlloc d\u2019escoles o millor just\u00edcia) de les pol\u00edtiques nacionalistes \u00e9s alt\u00edssim, i el seu efecte, en un m\u00f3n globalitzat, m\u00e9s que discutible<\/em>.\u201d,\u00a0 <strong><a onclick=\"javascript:pageTracker._trackPageview ('\/outbound\/ictlogy.net');\" href=\"http:\/\/ictlogy.net\/\" target=\"_blank\">Ismael Pe\u00f1a-L\u00f3pez<\/a><\/strong>.<\/p>\n<p>\u201c<em>Un pa\u00eds optimista, que miri al futur sense por. Amb talent, empenta i un aut\u00e8ntic espai de llibertat i responsabilitat.<\/em>\u201d , <a href=\"http:\/\/www.albertmedran.com\/\">Albert Medr\u00e1n<\/a>.<\/p>\n<p>\u201c<em>Amb una ciutadania m\u00e9s implicada, optimista, oberta i participativa; i amb uns pol\u00edtics m\u00e9s interessats pels ciutadans que pels partits<\/em>\u201d , <strong><a onclick=\"javascript:pageTracker._trackPageview ('\/outbound\/www.viniesfera.com');\" href=\"http:\/\/www.viniesfera.com\/\">Gemma Urgell<\/a><\/strong>.<\/p>\n<p>\u201c<em>Amb capacitat de sorprendre\u2019s: col\u00b7laborativa, intu\u00eftiva, projectual, oberta, receptiva, sincera, solidaria i\u2026sense por a equivocar-se<\/em>.\u201d,\u00a0 <strong><a onclick=\"javascript:pageTracker._trackPageview ('\/outbound\/www.theplateishot.com');\" href=\"http:\/\/www.theplateishot.com\/\" target=\"_blank\">Ricard Espelt<\/a><\/strong>.<\/p>\n<p>\u201c<em>La Catalunya del futur ha de ser lliure, democr\u00e0tica, amb unes institucions fortes i respectades i amb l\u2019objectiu de ser el millor pa\u00eds del m\u00f3n<\/em>\u201d, <strong><a onclick=\"javascript:pageTracker._trackPageview ('\/outbound\/sergisabate.cat');\" href=\"http:\/\/sergisabate.cat\/blog\/\" target=\"_blank\">Sergi Sabat\u00e9<\/a><\/strong>.<\/p>\n<p>\u201c<em>Anem a buscar la utopia. Haur\u00edem de ser una sola veu, remar en una mateixa direcci\u00f3 i aconseguir tot all\u00f2 que ens proposem com a pa\u00eds<\/em>\u201d,\u00a0 <strong><a onclick=\"javascript:pageTracker._trackPageview ('\/outbound\/exaps.blogspot.com');\" href=\"http:\/\/exaps.blogspot.com\/\" target=\"_blank\">Xavier Peytib\u00ed<\/a><\/strong>.<\/p>\n<p>\u201c<em>Un pa\u00eds ambici\u00f3s, din\u00e0mic, innovador i meritocr\u00e0tic. Socialment just i nacionalment lliure. Que te\u2019l pugues mirar i dir orgullosament: \u00e9s el meu!<\/em>\u201d <strong><a onclick=\"javascript:pageTracker._trackPageview ('\/outbound\/lespaisocarrat.blogspot.com');\" href=\"http:\/\/lespaisocarrat.blogspot.com\/\" target=\"_blank\">Vicent Mart\u00ednez<\/a><\/strong>.<\/p>\n<p>\u201c<em>Catalunya ha de lluitar per tenir molts m\u00e9s valors que li permetin progressar i demostrar la seva potencialitat<\/em>.\u201d, <strong><a onclick=\"javascript:pageTracker._trackPageview ('\/outbound\/eduardbatlle.cat');\" href=\"http:\/\/eduardbatlle.cat\/\">Eduard Batlle<\/a><\/strong>.<\/p>\n<p>\u201c<em>Seria independent o estaria encabida en un marc federal, per\u00f2 ning\u00fa parlaria de la \u201cllibertat de la naci\u00f3\u201d sino de la llibertat dels catalans. La Generalitat governaria tan poc que la gent no reconeixeria els pol\u00edtics pel carrer<\/em>.\u201d , <strong><a onclick=\"javascript:pageTracker._trackPageview ('\/outbound\/www.albertesplugas.com');\" href=\"http:\/\/www.albertesplugas.com\/\" target=\"_self\">Albert Esplugas<\/a><\/strong>.<\/p>\n","protected":false},"excerpt":{"rendered":"<p>Curioses\u00a0 les respostes que 18 persones han donat a una pregunta que Albert Medran els hi ha fet aquest 11 de Setembre: Com ha de ser la Catalunya del futur? No es f\u00e0cil respondre a una q\u00fcesti\u00f3 d&#8217;aquesta mena,\u00a0 si s&#8217;ha de fer, com demanava Medran, amb 140 car\u00e0cters. La majoria se n&#8217;ha sortit prou &hellip;<\/p>\n","protected":false},"author":1,"featured_media":0,"comment_status":"open","ping_status":"open","sticky":false,"template":"","format":"standard","meta":{"footnotes":""},"categories":[14,18],"tags":[44,8,46,38],"class_list":["post-227","post","type-post","status-publish","format-standard","hentry","category-catalunya","category-cultura","tag-artur-mas","tag-catalunya","tag-futur","tag-premsa-catalana"],"_links":{"self":[{"href":"https:\/\/www.noucicle.org\/lhora\/wp-json\/wp\/v2\/posts\/227","targetHints":{"allow":["GET"]}}],"collection":[{"href":"https:\/\/www.noucicle.org\/lhora\/wp-json\/wp\/v2\/posts"}],"about":[{"href":"https:\/\/www.noucicle.org\/lhora\/wp-json\/wp\/v2\/types\/post"}],"author":[{"embeddable":true,"href":"https:\/\/www.noucicle.org\/lhora\/wp-json\/wp\/v2\/users\/1"}],"replies":[{"embeddable":true,"href":"https:\/\/www.noucicle.org\/lhora\/wp-json\/wp\/v2\/comments?post=227"}],"version-history":[{"count":4,"href":"https:\/\/www.noucicle.org\/lhora\/wp-json\/wp\/v2\/posts\/227\/revisions"}],"predecessor-version":[{"id":256,"href":"https:\/\/www.noucicle.org\/lhora\/wp-json\/wp\/v2\/posts\/227\/revisions\/256"}],"wp:attachment":[{"href":"https:\/\/www.noucicle.org\/lhora\/wp-json\/wp\/v2\/media?parent=227"}],"wp:term":[{"taxonomy":"category","embeddable":true,"href":"https:\/\/www.noucicle.org\/lhora\/wp-json\/wp\/v2\/categories?post=227"},{"taxonomy":"post_tag","embeddable":true,"href":"https:\/\/www.noucicle.org\/lhora\/wp-json\/wp\/v2\/tags?post=227"}],"curies":[{"name":"wp","href":"https:\/\/api.w.org\/{rel}","templated":true}]}}