{"id":22446,"date":"2021-05-12T17:37:27","date_gmt":"2021-05-12T15:37:27","guid":{"rendered":"http:\/\/www.noucicle.org\/lhora\/?p=22446"},"modified":"2021-05-12T17:37:29","modified_gmt":"2021-05-12T15:37:29","slug":"grup-proleg-la-responsabilitat-indefugible-de-formar-govern","status":"publish","type":"post","link":"https:\/\/www.noucicle.org\/lhora\/grup-proleg-la-responsabilitat-indefugible-de-formar-govern\/","title":{"rendered":"Grup Pr\u00f2leg: La responsabilitat indefugible de formar govern"},"content":{"rendered":"\n<p>Tres mesos despr\u00e9s de les eleccions al Parlament de Catalunya, les negociacions per formar govern no avancen i tots els s\u00edmptomes apunten que se n\u2019hauran de convocar unes de noves. Tot aix\u00f2 en un moment extremadament delicat per al nostre pa\u00eds, quan s\u2019est\u00e0 accelerant una greu davallada econ\u00f2mica, quan la pand\u00e8mia ha deixat tantes fam\u00edlies destrossades, tantes persones sense feina, tantes empreses en situaci\u00f3 de precarietat i sota amena\u00e7a de desaparici\u00f3. \u00c9s a dir, quan necessitem m\u00e9s que mai un govern que agafi el tim\u00f3 i intenti donar la millor resposta possible al conjunt de problemes que tenim plantejats com a societat.&nbsp;<\/p>\n\n\n\n<p>Com a ciutadans i ciutadanes de Catalunya considerem que aquesta par\u00e0lisi \u00e9s inadmissible. Els resultats de les eleccions van mostrar la fragmentaci\u00f3 de l\u2019opini\u00f3 publica catalana i, per tant, la dificultat d\u2019investir un govern amb una majoria s\u00f2lida. Tot i aix\u00ed, dues s\u00f3n les majories possibles: una d&#8217;independentista i una altra d\u2019esquerres. No totes les opcions s\u00f3n equiparables i la nostra prefer\u00e8ncia \u00e9s clara. Tanmateix i m\u00e9s enll\u00e0 de les nostres prefer\u00e8ncies, entenem que en aquest moment \u00e9s prioritari que existeixi un executiu capa\u00e7 d\u2019assumir les responsabilitats que fa massa anys que no han estat exercides amb prou visi\u00f3 ni efic\u00e0cia.&nbsp;<\/p>\n\n\n\n<p>No \u00e9s acceptable, doncs, que es desisteixi ara de formar govern. Creiem que en aquest moment alguns partits estan avantposant interessos de partit i de persones per davant de les necessitats del pa\u00eds i especulant amb l\u2019opci\u00f3 d\u2019unes noves eleccions per veure si poden millorar les seves posicions en el tauler pol\u00edtic. Amb aquesta actitud estan desgastant l\u2019autoritat i el prestigi d\u2019una Generalitat que \u00e9s la instituci\u00f3 de tots, afeblint de manera rotunda la posici\u00f3 de Catalunya en relaci\u00f3 a Espanya, a Europa i al m\u00f3n, i desacreditant la tasca de la pol\u00edtica de manera que faria m\u00e9s explicable l\u2019abstenci\u00f3 d\u2019una part de la ciutadania en unes possibles noves eleccions, juntament amb el creixement d\u2019opcions autorit\u00e0ries que malauradament ja estan presents al nostre Parlament.&nbsp;<\/p>\n\n\n\n<p>Per tot aix\u00f2, fem una crida als partits amb possibilitats de confegir majories de govern perqu\u00e8 renunci\u00efn al joc creuat de les exclusions m\u00fatues i a la idea d\u2019unes noves eleccions que podrien empitjorar la situaci\u00f3 i que es posin d\u2019acord de manera immediata per facilitar la formaci\u00f3 d\u2019un executiu decidit a donar resposta a les m\u00faltiples q\u00fcestions que la necessiten. Ens sembla totalment inacceptable i nacionalment su\u00efcida que, en nom d\u2019una futura independ\u00e8ncia de Catalunya, es vagin fent passes que malmeten la producci\u00f3 de riquesa, la&nbsp;cohesi\u00f3 social i la capacitat d\u2019autogovern.<\/p>\n\n\n\n<p>Aquest esfor\u00e7 a qu\u00e8 estem assistint de fabricaci\u00f3 d\u2019un \u201c<em>relat<\/em>\u201d que permeti atribuir totes les dificultats a l\u2019adversari, cada cop enganya menys gent. Per tant, demanem ara als que tenen responsabilitats institucionals i pol\u00edtiques \u2013comen\u00e7ant per la presid\u00e8ncia del Parlament\u2013 que demostrin el sentit d\u2019estat que tantes vegades reivindiquen, compleixin amb les seves obligacions i avantposin el refor\u00e7ament de les institucions als seus interessos partidistes i de grup. Aquest \u00e9s l\u2019enc\u00e0rrec que els nostres&nbsp; parlamentaris van rebre el <strong>14<\/strong> de febrer. Aquest \u00e9s el mandat&nbsp;de la ciutadania. Qui no pugui o no vulgui complir-lo, que faci un pas enrere.&nbsp;<\/p>\n\n\n\n<p><em>El&nbsp;<strong>GRUP PR\u00d2LEG<\/strong>&nbsp;es va constituir el mes de febrer del <strong>2018<\/strong> amb l\u2019afany de recuperar&nbsp;espais de di\u00e0leg democr\u00e0tic a Catalunya i amb la resta de pobles d\u2019Espanya. Est\u00e0 integrat per persones procedents de les esquerres catalanes no independentistes. Els seus membres actuals s\u00f3n: <strong>Jordi Amat, Marc Andreu, Marga Arboix, Oriol Bartomeus, Laia Bonet, Joan Botella, Victoria Camps, Joan Coscubiela, Jordi Font, Mercedes Garc\u00eda-Aran, Oriol Nel\u00b7lo, Raimon Obiols, Lluis Rabell, Joan Subirats, Marina Subirats i Josep M. Vall\u00e8s.<\/strong><\/em><\/p>\n\n\n\n<p><strong><a href=\"https:\/\/www.ara.cat\/opinio\/responsabilitat-indefugible-formar-govern-grup-proleg_129_3981165.html\">Ara<\/a><\/strong>, 12 de maig de 2021<\/p>\n","protected":false},"excerpt":{"rendered":"<p>Tres mesos despr\u00e9s de les eleccions al Parlament de Catalunya, les negociacions per formar govern no avancen i tots els s\u00edmptomes apunten que se n\u2019hauran de convocar unes de noves. Tot aix\u00f2 en un moment extremadament delicat per al nostre pa\u00eds, quan s\u2019est\u00e0 accelerant una greu davallada econ\u00f2mica, quan la pand\u00e8mia ha deixat tantes fam\u00edlies &hellip;<\/p>\n","protected":false},"author":1,"featured_media":22451,"comment_status":"open","ping_status":"open","sticky":false,"template":"","format":"standard","meta":{"footnotes":""},"categories":[14,1],"tags":[],"class_list":["post-22446","post","type-post","status-publish","format-standard","has-post-thumbnail","hentry","category-catalunya","category-general"],"_links":{"self":[{"href":"https:\/\/www.noucicle.org\/lhora\/wp-json\/wp\/v2\/posts\/22446","targetHints":{"allow":["GET"]}}],"collection":[{"href":"https:\/\/www.noucicle.org\/lhora\/wp-json\/wp\/v2\/posts"}],"about":[{"href":"https:\/\/www.noucicle.org\/lhora\/wp-json\/wp\/v2\/types\/post"}],"author":[{"embeddable":true,"href":"https:\/\/www.noucicle.org\/lhora\/wp-json\/wp\/v2\/users\/1"}],"replies":[{"embeddable":true,"href":"https:\/\/www.noucicle.org\/lhora\/wp-json\/wp\/v2\/comments?post=22446"}],"version-history":[{"count":5,"href":"https:\/\/www.noucicle.org\/lhora\/wp-json\/wp\/v2\/posts\/22446\/revisions"}],"predecessor-version":[{"id":22452,"href":"https:\/\/www.noucicle.org\/lhora\/wp-json\/wp\/v2\/posts\/22446\/revisions\/22452"}],"wp:featuredmedia":[{"embeddable":true,"href":"https:\/\/www.noucicle.org\/lhora\/wp-json\/wp\/v2\/media\/22451"}],"wp:attachment":[{"href":"https:\/\/www.noucicle.org\/lhora\/wp-json\/wp\/v2\/media?parent=22446"}],"wp:term":[{"taxonomy":"category","embeddable":true,"href":"https:\/\/www.noucicle.org\/lhora\/wp-json\/wp\/v2\/categories?post=22446"},{"taxonomy":"post_tag","embeddable":true,"href":"https:\/\/www.noucicle.org\/lhora\/wp-json\/wp\/v2\/tags?post=22446"}],"curies":[{"name":"wp","href":"https:\/\/api.w.org\/{rel}","templated":true}]}}