{"id":22321,"date":"2021-04-27T17:48:58","date_gmt":"2021-04-27T15:48:58","guid":{"rendered":"http:\/\/www.noucicle.org\/lhora\/?p=22321"},"modified":"2021-04-27T17:51:42","modified_gmt":"2021-04-27T15:51:42","slug":"francesc-trillas-manual-del-secessionista-delit-en-temps-de-nacionalpopulisme","status":"publish","type":"post","link":"https:\/\/www.noucicle.org\/lhora\/francesc-trillas-manual-del-secessionista-delit-en-temps-de-nacionalpopulisme\/","title":{"rendered":"Francesc Trillas: Manual del secessionista d&#8217;elit en temps de nacionalpopulisme"},"content":{"rendered":"\n<p><strong>Florentino P\u00e9rez<\/strong>, el &#8220;<em>ser superior<\/em>&#8221; com li va cridar <strong>Butrague\u00f1o<\/strong> (a qui al seu torn li diuen &#8220;<em>el Buitre<\/em>&#8220;), no apr\u00e8n. La seva DUI (Declaraci\u00f3 Unilateral d&#8217;Independ\u00e8ncia) va durar m\u00e9s de <strong>8<\/strong> segons per\u00f2 no va passar de les <strong>48<\/strong> hores. En aquest m\u00f3n de sobrenoms i sobreentesos, els rics no volen ser molestats pels pobres, als que no obstant aix\u00f2 necessiten.<\/p>\n\n\n\n<p>Per\u00f2 el Sr. <strong>P\u00e9rez<\/strong> havia d&#8217;haver apr\u00e8s del seu estrepit\u00f3s frac\u00e0s recolzant l&#8217;Operaci\u00f3 <strong>Roca<\/strong> el <strong>1986<\/strong> (una operaci\u00f3 pol\u00edtica a escala espanyola en alian\u00e7a amb la dreta nacionalista catalana), que quan les coses del privilegi semblen el que s\u00f3n, en una societat democr\u00e0tica , no tenen moltes possibilitats d&#8217;\u00e8xit. Trenta-cinc anys despr\u00e9s ha tornat a cometre el mateix error amb la Super Lliga. Creia que era possible imposar el valor de els diners tal qual, al descobert, semblant el que era, un intent dels rics de quedar-se amb el past\u00eds, i controlar-lo, tot i prometent repartir alguna engruna. \u00c9s com si els rics diguessin que a partir d&#8217;ara no pagaran impostos perqu\u00e8 ja s&#8217;encarreguen ells de redistribuir. El fiasco ha estat tan sonor com el de l&#8217;Operaci\u00f3 <strong>Roca<\/strong> el <strong>1986<\/strong>, i el seu intent d&#8217;aliar-se amb catalans que s\u00f3n com ell de nou ha servit de poc.<\/p>\n\n\n\n<p>No. Avui dia perqu\u00e8 els privilegiats s&#8217;imposin, el primer manament \u00e9s que no semblin el que s\u00f3n. Aix\u00f2 \u00e9s el que intenta fer <strong>Isabel<\/strong> <strong>D\u00edaz Ayuso<\/strong> (<strong>IDA<\/strong>) a Madrid: parlar de llibertat, cooptar pocs per\u00f2 sorollosos ex-socialistes, parlar b\u00e9 dels excompanys morts o fora de combat d&#8217;aquests \u00faltims. O sigui, fer com fan des de fa <strong>10<\/strong> anys els independentistes catalans, que saben perfectament que no poden en cap moment semblar el que s\u00f3n. Si el &#8220;<em>ser<\/em> <em>superior<\/em>&#8221; no adopta estrat\u00e8gies una mica m\u00e9s sofisticades, m\u00e9s dissimulades, mai aconseguir\u00e0 alguns dels seus objectius, com s\u00f3n els de manar directament en l&#8217;esfera pol\u00edtica, o presidir el past\u00eds mundial de futbol. Ahir hi havia un perfil extraordinari del president del <strong>Real Madrid <\/strong>al <strong><em>Financial Times<\/em><\/strong>. Revelant la seva alian\u00e7a amb un expresident d&#8217;<strong>Endesa<\/strong>, explicava que <strong>P\u00e9rez<\/strong> intenta en el futbol el mateix que intenta en els seus negocis en sectors regulats: aconseguir estabilitat a trav\u00e9s de congelar qualsevol poder pol\u00edtic que se li escapi. Nom\u00e9s que aix\u00f2 est\u00e0 condemnat al frac\u00e0s en les societats democr\u00e0tiques, tret que s&#8217;adoptin estrat\u00e8gies m\u00e9s sofisticades.<\/p>\n\n\n\n<p>Es va enfrontar a <strong>Boris Johnson<\/strong> en lloc d&#8217;aliar-se i aprendre d&#8217;ell a mentir molt m\u00e9s, a no semblar el que \u00e9s, a ensumar l&#8217;opini\u00f3 p\u00fablica, tot i que al primer ministre brit\u00e0nic li importin un rave els seguidors de el futbol.<\/p>\n\n\n\n<p><strong>IDA<\/strong>,  en la seva lluita sense quarter perqu\u00e8 els rics de Madrid no siguin molestats, aparentment en sap m\u00e9s, i intenta plagiar p\u00e0gines senceres, encara que no totes, del trumpisme catal\u00e0 (tamb\u00e9 de l&#8217;original). Sense complexos.<\/p>\n\n\n\n<p>A Catalunya el secessionisme d&#8217;elit intenta aprendre dels seus errors, per b\u00e9 que, fruit d&#8217;un ja llarg recorregut, se li van notant els patrons de conducta. Com va dir <strong>Obama<\/strong> en un fam\u00f3s discurs a Sud-\u00e0frica, en ocasi\u00f3 del centenari de <strong>Mandela<\/strong>, abans quan s&#8217;enxampava alg\u00fa de l&#8217;esfera pol\u00edtica mentint, els mentiders callaven i es donaven per al\u00b7ludits. Ara, segueixen mentint. \u00c9s el que ha passat amb l&#8217;escriptor <strong>Javier Cercas<\/strong>: aquest demostra una mentida a la tele, i llavors l&#8217;acusen amb una altra mentida, que al seu torn l&#8217;escriptor demostra que \u00e9s falsa. Apareix aleshores la ubiqua masovera de l&#8217;independentisme rectificant per\u00f2 ratificant, per tal que  <strong>Cercas<\/strong> o qui pensi alguna cosa semblant al que aquest pensa, quedi retratat (\u00e9s igual l&#8217;evid\u00e8ncia) com el personatge que interpreta <strong>Ralph<\/strong> <strong>Fiennes<\/strong> a <strong><em>La Llista de<\/em><\/strong> <strong><em>Schindler<\/em><\/strong>. Aleshores segurament repetiran &#8220;<em>feixista, feixista<\/em>&#8221; alguns abdu\u00efts que havien estat en l&#8217;esquerra i que ara repeteixen com cotorres les consignes de la masovera, per molt de dretes que sigui aquesta. \u00c9s d&#8217;aquest <em>totum revolutum<\/em> d&#8217;on <strong>Florentino<\/strong> hauria d&#8217;aprendre.<\/p>\n\n\n\n<p>El combat per molestar i frenar els rics secessionistes que no volen ser molestats continua, i requerir\u00e0 sofisticaci\u00f3. Perqu\u00e8 \u00e9s la lluita del nostre temps, en el futbol i m\u00e9s enll\u00e0.<\/p>\n\n\n\n<p><strong><a href=\"http:\/\/progresrealprogresoreal.blogspot.com\/2021\/04\/manual-del-secesionista-de-elite-en.html\">Progr\u00e9s real<\/a><\/strong>, 25 d&#8217;abril de 2021<\/p>\n","protected":false},"excerpt":{"rendered":"<p>Florentino P\u00e9rez, el &#8220;ser superior&#8221; com li va cridar Butrague\u00f1o (a qui al seu torn li diuen &#8220;el Buitre&#8220;), no apr\u00e8n. La seva DUI (Declaraci\u00f3 Unilateral d&#8217;Independ\u00e8ncia) va durar m\u00e9s de 8 segons per\u00f2 no va passar de les 48 hores. En aquest m\u00f3n de sobrenoms i sobreentesos, els rics no volen ser molestats pels &hellip;<\/p>\n","protected":false},"author":1,"featured_media":22327,"comment_status":"open","ping_status":"open","sticky":false,"template":"","format":"standard","meta":{"footnotes":""},"categories":[15,1],"tags":[],"class_list":["post-22321","post","type-post","status-publish","format-standard","has-post-thumbnail","hentry","category-espanya","category-general"],"_links":{"self":[{"href":"https:\/\/www.noucicle.org\/lhora\/wp-json\/wp\/v2\/posts\/22321","targetHints":{"allow":["GET"]}}],"collection":[{"href":"https:\/\/www.noucicle.org\/lhora\/wp-json\/wp\/v2\/posts"}],"about":[{"href":"https:\/\/www.noucicle.org\/lhora\/wp-json\/wp\/v2\/types\/post"}],"author":[{"embeddable":true,"href":"https:\/\/www.noucicle.org\/lhora\/wp-json\/wp\/v2\/users\/1"}],"replies":[{"embeddable":true,"href":"https:\/\/www.noucicle.org\/lhora\/wp-json\/wp\/v2\/comments?post=22321"}],"version-history":[{"count":8,"href":"https:\/\/www.noucicle.org\/lhora\/wp-json\/wp\/v2\/posts\/22321\/revisions"}],"predecessor-version":[{"id":22330,"href":"https:\/\/www.noucicle.org\/lhora\/wp-json\/wp\/v2\/posts\/22321\/revisions\/22330"}],"wp:featuredmedia":[{"embeddable":true,"href":"https:\/\/www.noucicle.org\/lhora\/wp-json\/wp\/v2\/media\/22327"}],"wp:attachment":[{"href":"https:\/\/www.noucicle.org\/lhora\/wp-json\/wp\/v2\/media?parent=22321"}],"wp:term":[{"taxonomy":"category","embeddable":true,"href":"https:\/\/www.noucicle.org\/lhora\/wp-json\/wp\/v2\/categories?post=22321"},{"taxonomy":"post_tag","embeddable":true,"href":"https:\/\/www.noucicle.org\/lhora\/wp-json\/wp\/v2\/tags?post=22321"}],"curies":[{"name":"wp","href":"https:\/\/api.w.org\/{rel}","templated":true}]}}