{"id":21457,"date":"2021-02-15T15:08:13","date_gmt":"2021-02-15T14:08:13","guid":{"rendered":"http:\/\/www.noucicle.org\/lhora\/?p=21457"},"modified":"2021-02-15T16:33:12","modified_gmt":"2021-02-15T15:33:12","slug":"raimon-obiols-salvador","status":"publish","type":"post","link":"https:\/\/www.noucicle.org\/lhora\/raimon-obiols-salvador\/","title":{"rendered":"Raimon Obiols: Salvador"},"content":{"rendered":"\n<p>No \u00e9s irrellevant el fet que els socialistes catalans f\u00f3ssim el primer partit en les primeres eleccions democr\u00e0tiques despr\u00e9s de la dictadura, i que ho h\u00e0gim sigut de nou, quasi mig segle despr\u00e9s, en la jornada d&#8217;ahir.\u00a0 Tampoc \u00e9s intrascendent\u00a0 el fet que pr\u00e0cticament tots els altres partits d&#8217;aquell lluny\u00e0 <strong>1977<\/strong>\u00a0 h\u00e0gin desaparegut. L&#8217; un, de manera dram\u00e0tica i injusta; molts altres, sense pena ni gl\u00f2ria; i un parell, de manera indissimulablement ingloriosa.\u00a0 Malgrat excomunions,  vituperis i vetos, els socialistes catalans no ho devem haver fet, doncs, tan malament. <\/p>\n\n\n\n<p>No sols els vius podem estar satisfets. Per raons politiques i sentimentals que em s\u00f3n del tot evidents, s\u00e9 perfectament que la nostra alegria d&#8217;avui seria compartida per <strong>Joan<\/strong> <strong>Revent\u00f3s<\/strong>, <strong>Ernest Lluch<\/strong>, <strong>Carme Chac\u00f3n<\/strong> i tants altres que malauradament ja no s\u00f3n entre nosaltres.&nbsp;<\/p>\n\n\n\n<p>Especialment en <strong>Rom\u00e0 Planas<\/strong>, que vaig tenir la sort de con\u00e8ixer fa cinquanta anys, i amb qui vaig tenir, a Paris, les m\u00e9s&nbsp; llargues converses pol\u00edtiques que puc recordar,&nbsp; en un petit bar de la rue Bassano i en el caf\u00e8 Le D\u00e9part del Boulevard Saint-Michel, tot fumant desenes de cigarretes que encara enyoro.<\/p>\n\n\n\n<p>Infant exiliat del <strong>1939<\/strong>, impulsor a Paris de les Edicions Catalanes, del Casal Catal\u00e0, de l&#8217;Assemblea de Catalunya, <strong>Rom\u00e0 Planas<\/strong> fou estret\u00edssim col\u00b7laborador del president <strong>Tarradellas<\/strong> i  alcalde de La Roca del Vall\u00e8s. Despr\u00e9s de la seva mort sobtada, <strong>Salvador Illa<\/strong>, que era la seva m\u00e0 dreta a l&#8217;ajuntament, el succe\u00ed en l&#8217;alcaldia. La seva vict\u00f2ria d&#8217;ahir \u00e9s tamb\u00e9, en un cert sentit, la de <strong>Rom\u00e0 Planas<\/strong> i la del vell President.<\/p>\n\n\n\n<p><strong>Salvador Illa<\/strong>, que \u00e9s complidor, intentar\u00e0 la investidura. Ho far\u00e0, crec,  amb propostes i &nbsp; gram\u00e0tica tarradellianes.&nbsp; Invocar\u00e0 el rigor democr\u00e0tic i el prestigi institucional; una administraci\u00f3 p\u00fablica altament qualificada i neutral; el respecte meticul\u00f3s de les regles i de les lleis democr\u00e0tiques; la primacia de l&#8217;excel\u00b7l\u00e8ncia sobre la ret\u00f2rica i les coartades patrioteres; una Catalunya i una Generalitat de tots. Es marcar\u00e0 una prioritat urgent i inexcusable, per damunt de totes les altres: la lluita contra la pand\u00e8mia i els seus efectes econ\u00f2mics i socials.&nbsp;<\/p>\n\n\n\n<p>Despr\u00e9s, no s\u00e9 quina ser\u00e0 l&#8217;evoluci\u00f3 concreta de les coses, quines seran les reaccions, evolucions o eventuals rectificacions dels altres partits. Constato que l&#8217;unilateralisme no ha obtingut cap dels resultats que proposaven els independentistes i que, per contra, ha tendit a dislocar el pa\u00eds, ha produ\u00eft importants costos econ\u00f2mics i socials i ens ha tingut encallats durant masses anys.&nbsp;Rectificar \u00e9s de savis, per\u00f2 tendim a equivocar-nos en p\u00fablic i en grup i a corregir el rumb en privat i amb discreci\u00f3. <\/p>\n\n\n\n<p>En tot cas, ara s&#8217;ha creat una nova situaci\u00f3 pol\u00edtica, prop\u00edcia a les correccions de ruta. El <strong>PSC<\/strong> ha arribat en primera posici\u00f3, sense minva dels <strong>Comuns<\/strong>; s&#8217;ha primat l&#8217;enfocament m\u00e9s pragm\u00e0tic d&#8217;<strong>ERC<\/strong> per davant de la intransig\u00e8ncia gestual de  <strong>JxCat<\/strong>; i s&#8217;ha produ\u00eft un desastre monumental de <strong>Ciutadans<\/strong> i del <strong>PP<\/strong>.&nbsp; S&#8217;han obert  noves possibilitats, sobretot  perqu\u00e8 l&#8217;electorat ha donat unes  indicacions s\u00e0vies:  vol reorientacions i, m\u00e9s exactament, un canvi de sentit. \u201c<em>No<\/em> <em>la torneu a vessar!&#8221;<\/em>, semblen dir els resultats del <strong>14 F<\/strong>.<\/p>\n\n\n\n<p>El fil\u00f2sof <strong>Kolakowski<\/strong> contava que, en un tramvia atape\u00eft de gom a gom de la Vars\u00f2via estalinista dels anys <strong>50<\/strong>, havia sentir un revisor que cridava &#8220;<em>Avancin cap enrere! Avancin cap enrere!&#8221;.&nbsp;<\/em>Aix\u00f2 el f\u00e9u revisar alguns dels seus plantejaments. <\/p>\n\n\n\n<p>Aquest oximoron en forma de consigna -\u201c<em>avan\u00e7ar cap enrere!<\/em>\u201d- l&#8217;hem vist practicar reiteradament a Catalunya en els darrers deu anys. L&#8217;hem sentit cridar repetidament, fins a la fatiga, des d&#8217;un i altre costat d&#8217;una rasa que s&#8217;anava obrint progressivament, omplint el pa\u00eds d&#8217;hostilitats i desconfiances. La majoria, a Catalunya, ha rebutjat que aquest fossat augmenti.  <\/p>\n\n\n\n<p>&nbsp;  <\/p>\n","protected":false},"excerpt":{"rendered":"<p>No \u00e9s irrellevant el fet que els socialistes catalans f\u00f3ssim el primer partit en les primeres eleccions democr\u00e0tiques despr\u00e9s de la dictadura, i que ho h\u00e0gim sigut de nou, quasi mig segle despr\u00e9s, en la jornada d&#8217;ahir.\u00a0 Tampoc \u00e9s intrascendent\u00a0 el fet que pr\u00e0cticament tots els altres partits d&#8217;aquell lluny\u00e0 1977\u00a0 h\u00e0gin desaparegut. L&#8217; un, &hellip;<\/p>\n","protected":false},"author":1,"featured_media":21464,"comment_status":"open","ping_status":"open","sticky":false,"template":"","format":"standard","meta":{"footnotes":""},"categories":[261,1],"tags":[266],"class_list":["post-21457","post","type-post","status-publish","format-standard","has-post-thumbnail","hentry","category-eleccionsalparlament","category-general","tag-notes-de-campanya"],"_links":{"self":[{"href":"https:\/\/www.noucicle.org\/lhora\/wp-json\/wp\/v2\/posts\/21457","targetHints":{"allow":["GET"]}}],"collection":[{"href":"https:\/\/www.noucicle.org\/lhora\/wp-json\/wp\/v2\/posts"}],"about":[{"href":"https:\/\/www.noucicle.org\/lhora\/wp-json\/wp\/v2\/types\/post"}],"author":[{"embeddable":true,"href":"https:\/\/www.noucicle.org\/lhora\/wp-json\/wp\/v2\/users\/1"}],"replies":[{"embeddable":true,"href":"https:\/\/www.noucicle.org\/lhora\/wp-json\/wp\/v2\/comments?post=21457"}],"version-history":[{"count":19,"href":"https:\/\/www.noucicle.org\/lhora\/wp-json\/wp\/v2\/posts\/21457\/revisions"}],"predecessor-version":[{"id":21480,"href":"https:\/\/www.noucicle.org\/lhora\/wp-json\/wp\/v2\/posts\/21457\/revisions\/21480"}],"wp:featuredmedia":[{"embeddable":true,"href":"https:\/\/www.noucicle.org\/lhora\/wp-json\/wp\/v2\/media\/21464"}],"wp:attachment":[{"href":"https:\/\/www.noucicle.org\/lhora\/wp-json\/wp\/v2\/media?parent=21457"}],"wp:term":[{"taxonomy":"category","embeddable":true,"href":"https:\/\/www.noucicle.org\/lhora\/wp-json\/wp\/v2\/categories?post=21457"},{"taxonomy":"post_tag","embeddable":true,"href":"https:\/\/www.noucicle.org\/lhora\/wp-json\/wp\/v2\/tags?post=21457"}],"curies":[{"name":"wp","href":"https:\/\/api.w.org\/{rel}","templated":true}]}}