{"id":20702,"date":"2021-01-10T06:34:58","date_gmt":"2021-01-10T05:34:58","guid":{"rendered":"http:\/\/www.noucicle.org\/lhora\/?p=20702"},"modified":"2021-01-13T08:54:08","modified_gmt":"2021-01-13T07:54:08","slug":"raimon-obiols-per-molts-anys-viquipedia","status":"publish","type":"post","link":"https:\/\/www.noucicle.org\/lhora\/raimon-obiols-per-molts-anys-viquipedia\/","title":{"rendered":"Raimon Obiols: Per molts anys, Viquip\u00e8dia!"},"content":{"rendered":"\n<p>El proper <strong>15<\/strong> de gener, Viquip\u00e8dia far\u00e0 vint anys, amb <strong>55<\/strong> milions d&#8217;articles en <strong>300<\/strong> lleng\u00fces, i ocupant el <strong>13<\/strong>\u00e8 lloc&nbsp; en el r\u00e0nquing mundial de les webs m\u00e9s<em> <\/em>visitades<em>. <\/em>\u00c9s un \u00e8xit extraordinari del <em>crowdsourcing, <\/em>del prove\u00efment participatiu de voluntaris i volunt\u00e0ries a una tasca comuna. <\/p>\n\n\n\n<p>Comentant molt elogiosament l&#8217;aniversari (dient que Wikipedia \u00e9s el <em>&#8220;Diderot&#8217;s Dream&#8221;<\/em>, el somni de  <strong>Diderot<\/strong>), el setmanari <em><strong>The Economist<\/strong><\/em> remarca, nogensmenys, que hi ha encara problemes a resoldre. &#8220;<em>Els articles m\u00e9s populars<\/em>&#8220;, diu el setmanari, &#8220;<em>s\u00f3n els m\u00e9s escrutats, i tendeixen a ser els millors<\/em>&#8220;; per\u00f2 al darrere ve &#8220;<em>un llargu\u00edssim seguici&nbsp; d&#8217;entrades m\u00e9s obscures, de menor qualitat<\/em>&#8220;. \u00c9s el cas, en particular, de les edicions en lleng\u00fces i parles minoritzades, on el fervor dels activistes pot arribar a fer estralls.&nbsp;<\/p>\n\n\n\n<p>The Economist comenta que un cas d&#8217;aquests ha succe\u00eft recentment en l&#8217;edici\u00f3 en&nbsp; escoc\u00e8s de les Terres baixes (l&#8217;<em>scots<\/em>, que no s&#8217;ha confondre amb el ga\u00e8lic escoc\u00e8s). Un adolescent nord-americ\u00e0, que no parla <em>scots<\/em>, ha farcit l&#8217;edici\u00f3  amb milers d&#8217;articles plagats d&#8217;errades, tradu\u00efts&nbsp; mot per mot de l&#8217;angl\u00e8s amb l&#8217;ajut d&#8217;un diccionari <em>on line<\/em> poc solvent. L&#8217;esfor\u00e7at entusiasme del jove activista ha tingut uns efectes contraproduents,  devastadors: volent mantenir la flama, ha causat un dany considerable a la reputaci\u00f3 de la parla dels seus avantpassats escocesos.&nbsp;<\/p>\n\n\n\n<p>Tamb\u00e9 la solv\u00e8ncia pateix per les pugnes pol\u00edtiques i ideol\u00f2giques. Un exemple delirant \u00e9s l&#8217;article en castell\u00e0 sobre el coronel <strong>Carlos Castillo Armas<\/strong>, que l&#8217;any <strong>1954<\/strong>, amb diners i armes de la CIA, va enderrocar el govern democr\u00e0tic de Guatemala presidit per <strong>Jacobo Arbenz<\/strong> (jo vaig comen\u00e7ar la meva polititzaci\u00f3 adolescent arran d&#8217;aquell  cop d&#8217;estat miserable). <\/p>\n\n\n\n<p>L&#8217;article comen\u00e7a aix\u00ed:&nbsp;<\/p>\n\n\n\n<p><em>\u201cDurante su Gobierno se promulg\u00f3 la libertad de culto en Guatemala y la personalidad jur\u00eddica de la Iglesia Cat\u00f3lica en compensaci\u00f3n por los ultrajes ocasionados por el Liberalismo y el Comunismo. Para celebrar este acontecimiento, junto a Mons. Mariano Rossell, ofreci\u00f3 una Misa en el Estadio Ol\u00edmpico en la que se llev\u00f3 a cabo la Hist\u00f3rica Coronaci\u00f3n Can\u00f3nica de la imagen de Nuestra Se\u00f1ora de Concepci\u00f3n del Templo de San Francisco de Guatemala como Patrona Principal de la Rep\u00fablica, realiz\u00e1ndose tambi\u00e9n un voto nacional a esa advocaci\u00f3n mariana.\u201d<\/em><\/p>\n\n\n\n<p><strong>Vargas Llosa<\/strong> ha escrit una nova novel\u00b7la, <em>Tiempos recios<\/em>, sobre la Guatemala del temps d<strong>&#8216;Arbenz<\/strong> i <strong>Castillo Armas.<\/strong>\u00a0 Un retrat d\u2019<strong>Arbenz<\/strong> &#8211; una fotografia &#8211; \u00e9s una causa de la meva dedicaci\u00f3 a la pol\u00edtica (el franquisme tamb\u00e9, per b\u00e9 que n&#8217;hi deu haver d\u2019altres, algunes de les quals &#8211; potser m\u00e9s decisives, per inconscients-,\u00a0 desconec).<\/p>\n\n\n\n<p>El cas \u00e9s que tenia jo <strong>14<\/strong> anys i despr\u00e9s de llegir les not\u00edcies de la invasi\u00f3 de Guatemala, des d\u2019Hondures, del coronel <strong>Castillo Armas<\/strong>, que enderroc\u00e0 <strong>Arbenz<\/strong>, el president leg\u00edtim,&nbsp; vaig veure casualment &#8211; amb una barreja de n\u00e0usea i admiraci\u00f3 -, una foto del president ven\u00e7ut obligat a despullar-se en el control de l\u2019aeroport, cam\u00ed de l&#8217;exili. La public\u00e0 una revista nord-americana (<em>Life<\/em>, <em>Time<\/em>?). Ara l&#8217;he recuperat gr\u00e0cies a internet. &nbsp;<\/p>\n\n\n\n<p>D\u2019aquella imatge,  m\u2019impression\u00e0 el contrast absolut entre la intenci\u00f3 i el resultat. D\u2019una banda, l\u2019intent nauseabond dels vencedors d\u2019infligir una&nbsp; humiliaci\u00f3 a un ven\u00e7ut que no havien volgut matar per no crear un m\u00e0rtir; de l\u2019altra, el semblant de dignitat total, absoluta, del derrotat.&nbsp;<\/p>\n\n\n\n<figure class=\"wp-block-image size-large\"><img loading=\"lazy\" decoding=\"async\" width=\"320\" height=\"439\" src=\"http:\/\/www.noucicle.org\/lhora\/wp-content\/uploads\/2021\/01\/447C691E-31A7-418C-B545-877F06A5D16D.jpeg\" alt=\"\" class=\"wp-image-20813\" srcset=\"https:\/\/www.noucicle.org\/lhora\/wp-content\/uploads\/2021\/01\/447C691E-31A7-418C-B545-877F06A5D16D.jpeg 320w, https:\/\/www.noucicle.org\/lhora\/wp-content\/uploads\/2021\/01\/447C691E-31A7-418C-B545-877F06A5D16D-219x300.jpeg 219w\" sizes=\"auto, (max-width: 320px) 100vw, 320px\" \/><\/figure>\n\n\n\n<p>La Viquip\u00e8dia en catal\u00e0 est\u00e0 molt b\u00e9. Segons <em>The Economist<\/em> \u00e9s la cinquena comunitat m\u00e9s activa del m\u00f3n per mili\u00f3 de parlants.  En alguns temes \u00e9s un referent internacional: en cultura oper\u00edstica t\u00e9 una gran autoritat, i diuen que \u00e9s l&#8217;\u00fanica Viquip\u00e8dia que t\u00e9 catalogats <strong>tots<\/strong> els mam\u00edfers del m\u00f3n. <\/p>\n\n\n\n<p>Ara: en temes pol\u00edtics, \u00e9s esbiaixada. En general, els socialistes hi som bastant&nbsp; maltractats, per b\u00e9 que de manera m\u00e9s concisa i recargolada que en el cas extrem que he citat, a prop\u00f2sit de Guatemala.. Encara hi abunda una sigla incorrecta (&#8220;<em>PSC-PSOE<\/em>&#8220;), que ja&nbsp; ha desaparegut a la premsa escrita en favor del simple &#8220;<em>PSC<\/em>&#8220;. <\/p>\n\n\n\n<p>Per no fer-me pesat, esmentar\u00e9 nom\u00e9s un&nbsp; parell de mostres,  que son representatives de la  tonalitat  general. De <strong>Miquel Iceta<\/strong> es diu, sense cap dada que ho fonamenti, que <em>&#8220;va ser un dels responsables de fomentar una nova relaci\u00f3 entre PSC i PSOE , on el primer <strong>cedia sobirania i compet\u00e8ncies<\/strong> en favor del partit estatal&#8221;. <\/em>I de l&#8217;expresident <strong>Jos\u00e9 Montilla<\/strong> es remarca que fou <em>&#8220;el primer President de la Generalitat moderna <strong>destitu\u00eft<\/strong> per les urnes<\/em>&#8220;. Els subratllats s\u00f3n meus. <\/p>\n\n\n\n<p>Contrasten aquestes petites maldats, m\u00e9s o menys subtils, amb el tractament que es fa, per exemple, de <strong>Jordi<\/strong> <strong>Pujol<\/strong>. En relaci\u00f3 a la crisi de Banca Catalana podem llegir:&nbsp;<\/p>\n\n\n\n<p>&#8220;<em>Unes dues-centes mil persones es van manifestar des del Parlament fins a la pla\u00e7a de Sant Jaume en una expressi\u00f3 de suport a les institucions auton\u00f2miques de Catalunya i d&#8217;adhesi\u00f3 al president Pujol, arran del cas Banca Catalana. Aquell dia, <\/em><strong><em>Jordi Pujol<\/em><\/strong><em> va apar\u00e8ixer al balc\u00f3 principal del Parlament despr\u00e9s de la seva investidura com a president de la Generalitat per segon cop&#8221;. <\/em><\/p>\n\n\n\n<p>I punt. Ni un mot sobre els intents d&#8217;agressi\u00f3 en el Parlament.  \u00c9s silenciat el &#8220;<em>D&#8217;ara endavant, d&#8217;\u00e8tica i de moral en parlarem nosaltres&#8221;<\/em> i es passa  de puntetes per la confessi\u00f3,  la &#8220;<em>deixa<\/em>&#8221; i  els esc\u00e0ndols  posteriors.<em> <\/em>L&#8217;article \u00e8s quasi hagiogr\u00e0fic (&#8220;<em>va estar a punt de decidir-se per la vocaci\u00f3 religiosa<\/em>&#8220;), exonerador (<strong>Pujol<\/strong><em> &#8220;era un lle\u00f3 ferit<\/em>&#8220;)  i prolix (amb arbre geneal\u00f2gic incl\u00f2s).<em>&nbsp;<\/em><\/p>\n\n\n\n<p>Se&#8217;m pot replicar que filo prim.  O amb un &#8220;<em>Do It Yourself<\/em>&#8221; (arregla-ho tu mateix). Per\u00f2 havent-me guanyat les garrofes de jove escrivint articles d&#8217;enciclop\u00e8dia durant uns quants anys (a Salvat, a la GEC i a altres editorials), no m&#8217;hi penso tornar a posar ara, arribat a la vuitantena. Em limitar\u00e9 a recordar a la comunitat d&#8217;editors i administradors viquipedistes, tot donant-los una enhorabona entusiasta per l&#8217;aniversari,&nbsp; que la primera regla d&#8217;or que em van ensenyar fou la d&#8217;evitar taxativament les opinions i els judicis de valor en els articles d&#8217;enciclop\u00e8dia.&nbsp;M\u00e9s equitat i neutralitat en els temes pol\u00edtics li aniria molt b\u00e9 a Viquip\u00e8dia i  li aniria molt b\u00e9 al pa\u00eds. <\/p>\n","protected":false},"excerpt":{"rendered":"<p>El proper 15 de gener, Viquip\u00e8dia far\u00e0 vint anys, amb 55 milions d&#8217;articles en 300 lleng\u00fces, i ocupant el 13\u00e8 lloc&nbsp; en el r\u00e0nquing mundial de les webs m\u00e9s visitades. \u00c9s un \u00e8xit extraordinari del crowdsourcing, del prove\u00efment participatiu de voluntaris i volunt\u00e0ries a una tasca comuna. Comentant molt elogiosament l&#8217;aniversari (dient que Wikipedia \u00e9s &hellip;<\/p>\n","protected":false},"author":1,"featured_media":20712,"comment_status":"open","ping_status":"open","sticky":false,"template":"","format":"standard","meta":{"footnotes":""},"categories":[18,261],"tags":[],"class_list":["post-20702","post","type-post","status-publish","format-standard","has-post-thumbnail","hentry","category-cultura","category-eleccionsalparlament"],"_links":{"self":[{"href":"https:\/\/www.noucicle.org\/lhora\/wp-json\/wp\/v2\/posts\/20702","targetHints":{"allow":["GET"]}}],"collection":[{"href":"https:\/\/www.noucicle.org\/lhora\/wp-json\/wp\/v2\/posts"}],"about":[{"href":"https:\/\/www.noucicle.org\/lhora\/wp-json\/wp\/v2\/types\/post"}],"author":[{"embeddable":true,"href":"https:\/\/www.noucicle.org\/lhora\/wp-json\/wp\/v2\/users\/1"}],"replies":[{"embeddable":true,"href":"https:\/\/www.noucicle.org\/lhora\/wp-json\/wp\/v2\/comments?post=20702"}],"version-history":[{"count":51,"href":"https:\/\/www.noucicle.org\/lhora\/wp-json\/wp\/v2\/posts\/20702\/revisions"}],"predecessor-version":[{"id":20857,"href":"https:\/\/www.noucicle.org\/lhora\/wp-json\/wp\/v2\/posts\/20702\/revisions\/20857"}],"wp:featuredmedia":[{"embeddable":true,"href":"https:\/\/www.noucicle.org\/lhora\/wp-json\/wp\/v2\/media\/20712"}],"wp:attachment":[{"href":"https:\/\/www.noucicle.org\/lhora\/wp-json\/wp\/v2\/media?parent=20702"}],"wp:term":[{"taxonomy":"category","embeddable":true,"href":"https:\/\/www.noucicle.org\/lhora\/wp-json\/wp\/v2\/categories?post=20702"},{"taxonomy":"post_tag","embeddable":true,"href":"https:\/\/www.noucicle.org\/lhora\/wp-json\/wp\/v2\/tags?post=20702"}],"curies":[{"name":"wp","href":"https:\/\/api.w.org\/{rel}","templated":true}]}}