{"id":20598,"date":"2021-01-05T13:25:23","date_gmt":"2021-01-05T12:25:23","guid":{"rendered":"http:\/\/www.noucicle.org\/lhora\/?p=20598"},"modified":"2021-01-05T13:27:12","modified_gmt":"2021-01-05T12:27:12","slug":"siscu-baiges-14f-pacte-politic-contra-la-pandemia","status":"publish","type":"post","link":"https:\/\/www.noucicle.org\/lhora\/siscu-baiges-14f-pacte-politic-contra-la-pandemia\/","title":{"rendered":"Siscu Baiges: 14F,  pacte pol\u00edtic contra la pand\u00e8mia"},"content":{"rendered":"\n<p>Les eleccions al Parlament estan convocades pel 14 de febrer. Esperem que es puguin celebrar. La pand\u00e8mia ho condiciona tot i estem en la primera fase d\u2019una vacunaci\u00f3 general de la poblaci\u00f3 que s\u2019espera que doni els seus fruits d\u2019aqu\u00ed a uns mesos. Es mantenen, per\u00f2, unes quantes inc\u00f2gnites preocupants. Les vacunes immunitzaran de deb\u00f2 la poblaci\u00f3? Seran eficaces contra les noves soques del coronavirus? Permetran que un dia no massa lluny\u00e0 puguem arraconar les mascaretes o les haurem d\u2019arrossegar durant molt de temps?<\/p>\n\n\n\n<p>Els epidemi\u00f2legs i els sanitaris que expressen les seves previsions als mitjans de comunicaci\u00f3 ens adverteixen del risc que aquests primers mesos de 2021 siguin molt durs. Diuen que les restriccions que s\u2019estan aplicant durant aquests dies de festes de Nadal s\u00f3n massa suaus i que fan preveure un increment dels contagis, les hospitalitzacions i les morts les properes setmanes.<\/p>\n\n\n\n<p>I les properes setmanes les viurem pendents, tamb\u00e9, de les eleccions al Parlament. Els comit\u00e8s professionals i d\u2019empresa de TV3 i Catalunya R\u00e0dio han demanat que no s\u2019utilitzi la cr\u00edtica a aquests mitjans com a \u2018arma llanc\u00edvola\u2019 durant el per\u00edode electoral. No hi estic d\u2019acord. La cr\u00edtica al biaix ideol\u00f2gic dels mitjans p\u00fablics de la Generalitat no es pot suspendre perqu\u00e8 estem en per\u00edode electoral. Al contrari, s\u2019hauria de ser m\u00e9s exigent que mai amb una deriva lamentable que s\u2019ha exagerat els darrers temps intentant fer creure a la ciutadania que el lideratge en l\u2019audi\u00e8ncia justifica la seva conversi\u00f3 en mitjans de propaganda independentista.<\/p>\n\n\n\n<p>On cal una treva no circumstancial sin\u00f3 duradora \u00e9s en el debat sobre com acarar la pand\u00e8mia des del govern. La qual cosa no vol dir que es renunci\u00ef a la cr\u00edtica. En les circumst\u00e0ncies actuals, s\u2019imposa que tots els partits pactin les decisions principals que afectin aquest combat. Ja vam viure l\u2019espectacle trist de l\u2019oposici\u00f3 de dretes al Congr\u00e9s dels Diputats posant entrebancs al govern espanyol quan demanava imposar un estat d\u2019alarma que estava del tot justificat. No es pot replicar aquella din\u00e0mica a Catalunya simplement perqu\u00e8 estem en per\u00edode electoral. Millor dit, ja que estem en per\u00edode electoral, s\u2019haurien de multiplicar les reunions p\u00fabliques entre els representants de tots els partits per acordar les pol\u00edtiques millors per fer front a la pand\u00e8mia, amb el referent de les reunions dels representants del govern espanyol amb els de les comunitats aut\u00f2nomes i els seus departaments de Sanitat.<\/p>\n\n\n\n<p>Aquest Pacte pol\u00edtic a Catalunya entre tots els partits que concorren a les eleccions al Parlament seria la millor \u2018arma llanc\u00edvola\u2019 contra la Covid-19.<\/p>\n\n\n\n<p><a href=\"https:\/\/www.eltriangle.eu\/2021\/01\/04\/14f-pacte-politic-contra-la-pandemia\/\">El Triangle<\/a>, 4 de gener de 2021<\/p>\n","protected":false},"excerpt":{"rendered":"<p>Les eleccions al Parlament estan convocades pel 14 de febrer. Esperem que es puguin celebrar. La pand\u00e8mia ho condiciona tot i estem en la primera fase d\u2019una vacunaci\u00f3 general de la poblaci\u00f3 que s\u2019espera que doni els seus fruits d\u2019aqu\u00ed a uns mesos. Es mantenen, per\u00f2, unes quantes inc\u00f2gnites preocupants. Les vacunes immunitzaran de deb\u00f2 &hellip;<\/p>\n","protected":false},"author":1,"featured_media":20603,"comment_status":"open","ping_status":"open","sticky":false,"template":"","format":"standard","meta":{"footnotes":""},"categories":[261],"tags":[],"class_list":["post-20598","post","type-post","status-publish","format-standard","has-post-thumbnail","hentry","category-eleccionsalparlament"],"_links":{"self":[{"href":"https:\/\/www.noucicle.org\/lhora\/wp-json\/wp\/v2\/posts\/20598","targetHints":{"allow":["GET"]}}],"collection":[{"href":"https:\/\/www.noucicle.org\/lhora\/wp-json\/wp\/v2\/posts"}],"about":[{"href":"https:\/\/www.noucicle.org\/lhora\/wp-json\/wp\/v2\/types\/post"}],"author":[{"embeddable":true,"href":"https:\/\/www.noucicle.org\/lhora\/wp-json\/wp\/v2\/users\/1"}],"replies":[{"embeddable":true,"href":"https:\/\/www.noucicle.org\/lhora\/wp-json\/wp\/v2\/comments?post=20598"}],"version-history":[{"count":3,"href":"https:\/\/www.noucicle.org\/lhora\/wp-json\/wp\/v2\/posts\/20598\/revisions"}],"predecessor-version":[{"id":20601,"href":"https:\/\/www.noucicle.org\/lhora\/wp-json\/wp\/v2\/posts\/20598\/revisions\/20601"}],"wp:featuredmedia":[{"embeddable":true,"href":"https:\/\/www.noucicle.org\/lhora\/wp-json\/wp\/v2\/media\/20603"}],"wp:attachment":[{"href":"https:\/\/www.noucicle.org\/lhora\/wp-json\/wp\/v2\/media?parent=20598"}],"wp:term":[{"taxonomy":"category","embeddable":true,"href":"https:\/\/www.noucicle.org\/lhora\/wp-json\/wp\/v2\/categories?post=20598"},{"taxonomy":"post_tag","embeddable":true,"href":"https:\/\/www.noucicle.org\/lhora\/wp-json\/wp\/v2\/tags?post=20598"}],"curies":[{"name":"wp","href":"https:\/\/api.w.org\/{rel}","templated":true}]}}