{"id":2010,"date":"2010-06-03T11:51:54","date_gmt":"2010-06-03T09:51:54","guid":{"rendered":"http:\/\/www.noucicle.org\/lhora\/?p=2010"},"modified":"2010-06-03T11:51:54","modified_gmt":"2010-06-03T09:51:54","slug":"jaume-reixach-el-18-brumari-de-jordi-pujol","status":"publish","type":"post","link":"https:\/\/www.noucicle.org\/lhora\/jaume-reixach-el-18-brumari-de-jordi-pujol\/","title":{"rendered":"Jaume Reixach: El 18 brumari de Jordi Pujol"},"content":{"rendered":"<p><a class=\"highslide\" onclick=\"return vz.expand(this)\" href=\"http:\/\/www.noucicle.org\/lhora\/wp-content\/uploads\/2010\/06\/Felix-Millet-palau-250.jpg\"><img loading=\"lazy\" decoding=\"async\" class=\"alignleft size-full wp-image-2011\" title=\"Felix-Millet-palau-250\" src=\"http:\/\/www.noucicle.org\/lhora\/wp-content\/uploads\/2010\/06\/Felix-Millet-palau-250.jpg\" alt=\"\" width=\"250\" height=\"262\" \/><\/a>A hores d\u2019ara \u2013i en espera de l\u2019informe definitiu de l\u2019Ag\u00e8ncia Tribut\u00e0ria- ja \u00e9s una evid\u00e8ncia que el Palau de la M\u00fasica ha servit, durant anys, de \u201c<em>caixa B<\/em>\u201d de Converg\u00e8ncia Democr\u00e0tica. <strong>F\u00e8lix Millet <\/strong>havia acceptat convertir aquesta venerable instituci\u00f3 cultural en la \u201c<em>rentadora<\/em>\u201d de les comissions que pagaven al partit pujolista algunes empreses constructores adjudicat\u00e0ries d\u2019obres p\u00fabliques de la Generalitat. A canvi, \u00e9s clar, de la impunitat per perpetrar el descomunal robatori, en benefici propi i del seu soci <strong>Jordi Montull<\/strong>, descobert als comptes del Palau.<!--more--><\/p>\n<p>L\u2019esc\u00e0ndol \u00e9s tan sofisticat i pervers que nom\u00e9s pot saldar-se amb la dimissi\u00f3 d\u2019<strong>Artur Mas<\/strong> i del secretari general adjunt del partit, <strong>Felip Puig<\/strong>. En la llarga i desgraciada hist\u00f2ria de la corrupci\u00f3 pol\u00edtica a Catalunya no hi ha un cas tan brut i fastig\u00f3s com aquest (nom\u00e9s equiparable al &#8220;<em>cas Casinos<\/em>&#8220;).<\/p>\n<p>Els partits pol\u00edtics, des de fa anys, estan escrupulosament vigilats pel Tribunal de Comptes i, en contra del que es diu sovint, els seus mecanismes de finan\u00e7ament estan estrictament regulats per llei. Per\u00f2 feta la llei\u2026 feta la trampa.<\/p>\n<p>En el cas de Converg\u00e8ncia Democr\u00e0tica i d\u2019Uni\u00f3 Democr\u00e0tica, ambd\u00f3s partits han \u201c<em>descobert<\/em>\u201d que podien burlar la Llei de finan\u00e7ament dels partits pol\u00edtics a trav\u00e9s de la creaci\u00f3 d\u2019un estol de fundacions paral\u00b7leles que s\u2019encarregaven de recaptar importants sumes de diners pel partit fora de la comptabilitat oficial. Ho hem vist en els reiterats \u201c<em>marros<\/em>\u201d que han afectat el partit de Duran Lleida i ara ho tornem a constatar en el \u201c<em>cas Palau<\/em>\u201d i la Fundaci\u00f3 Trias Fargas (avui, rebatejada CatDem).<\/p>\n<p><strong>F\u00e8lix Millet <\/strong>va actuar com a \u201c<em>banquer<\/em>\u201d de Converg\u00e8ncia de tres maneres:<\/p>\n<p>1. Mitjan\u00e7ant el cobrament de les comissions que, en forma de patrocini al Palau, pagaven algunes constructores beneficiades per adjudicacions corruptes de la Generalitat<\/p>\n<p>2. Mitjan\u00e7ant els pagaments directes, via conveni, a la Fundaci\u00f3 Trias Fargas<\/p>\n<p>3. Mitjan\u00e7ant el pagament de les factures falses que presentaven al Palau de la M\u00fasica alguns prove\u00efdors de CDC (en especial, els encarregats de fer la propaganda electoral, els \u201c<em>mailings<\/em>\u201d i el muntatge dels m\u00edtings i dels actes pol\u00edtics)<\/p>\n<p>Ja ho va deixar sentenciat <strong>Karl Marx <\/strong>en &#8220;<em>El 18 brumari de Llu\u00eds Bonaparte<\/em>&#8220;:&#8221;<em>La hist\u00f2ria es repeteix, primer com a trag\u00e8dia i despr\u00e9s com a farsa<\/em>&#8220;. Aquests dies commemorem el 50 aniversari dels &#8220;<em>Fets del Palau<\/em>&#8220;, d&#8217;on va emergir la figura pol\u00edtica de <strong>Jordi Pujol<\/strong>. Aquells nobles ideals del jove <strong>Pujol <\/strong>-que li van causar tortura i pres\u00f3- han quedat trepitjats i escarnits pels vicis clept\u00f2mans de <strong>F\u00e8lix Millet<\/strong>. El partit pol\u00edtic que va cristal\u00b7litzar la vocaci\u00f3 de servei a Catalunya que predicava Pujol s&#8217;ha convertit en instigador, part\u00edcep i c\u00f2mplice necessari del saqueig perpetrat al Palau de la M\u00fasica.<\/p>\n<p><a href=\"http:\/\/www.eltriangle.eu\/cat\/viewer.php?IDN=13764\">El Triangle<\/a><\/p>\n","protected":false},"excerpt":{"rendered":"<p>A hores d\u2019ara \u2013i en espera de l\u2019informe definitiu de l\u2019Ag\u00e8ncia Tribut\u00e0ria- ja \u00e9s una evid\u00e8ncia que el Palau de la M\u00fasica ha servit, durant anys, de \u201ccaixa B\u201d de Converg\u00e8ncia Democr\u00e0tica. F\u00e8lix Millet havia acceptat convertir aquesta venerable instituci\u00f3 cultural en la \u201crentadora\u201d de les comissions que pagaven al partit pujolista algunes empreses constructores &hellip;<\/p>\n","protected":false},"author":1,"featured_media":0,"comment_status":"open","ping_status":"open","sticky":false,"template":"","format":"standard","meta":{"footnotes":""},"categories":[14],"tags":[],"class_list":["post-2010","post","type-post","status-publish","format-standard","hentry","category-catalunya"],"_links":{"self":[{"href":"https:\/\/www.noucicle.org\/lhora\/wp-json\/wp\/v2\/posts\/2010","targetHints":{"allow":["GET"]}}],"collection":[{"href":"https:\/\/www.noucicle.org\/lhora\/wp-json\/wp\/v2\/posts"}],"about":[{"href":"https:\/\/www.noucicle.org\/lhora\/wp-json\/wp\/v2\/types\/post"}],"author":[{"embeddable":true,"href":"https:\/\/www.noucicle.org\/lhora\/wp-json\/wp\/v2\/users\/1"}],"replies":[{"embeddable":true,"href":"https:\/\/www.noucicle.org\/lhora\/wp-json\/wp\/v2\/comments?post=2010"}],"version-history":[{"count":2,"href":"https:\/\/www.noucicle.org\/lhora\/wp-json\/wp\/v2\/posts\/2010\/revisions"}],"predecessor-version":[{"id":2013,"href":"https:\/\/www.noucicle.org\/lhora\/wp-json\/wp\/v2\/posts\/2010\/revisions\/2013"}],"wp:attachment":[{"href":"https:\/\/www.noucicle.org\/lhora\/wp-json\/wp\/v2\/media?parent=2010"}],"wp:term":[{"taxonomy":"category","embeddable":true,"href":"https:\/\/www.noucicle.org\/lhora\/wp-json\/wp\/v2\/categories?post=2010"},{"taxonomy":"post_tag","embeddable":true,"href":"https:\/\/www.noucicle.org\/lhora\/wp-json\/wp\/v2\/tags?post=2010"}],"curies":[{"name":"wp","href":"https:\/\/api.w.org\/{rel}","templated":true}]}}