{"id":19246,"date":"2018-06-21T12:33:11","date_gmt":"2018-06-21T10:33:11","guid":{"rendered":"http:\/\/www.noucicle.org\/lhora\/?p=19246"},"modified":"2018-06-21T12:34:34","modified_gmt":"2018-06-21T10:34:34","slug":"neix-proleg","status":"publish","type":"post","link":"https:\/\/www.noucicle.org\/lhora\/neix-proleg\/","title":{"rendered":"NEIX &#8220;PR\u00d2LEG&#8221;"},"content":{"rendered":"<div>\n<div id=\"article\" role=\"article\">\n<div>\n<p><img loading=\"lazy\" decoding=\"async\" class=\"alignleft wp-image-19251\" src=\"http:\/\/www.noucicle.org\/lhora\/wp-content\/uploads\/2018\/06\/proleg2.jpg\" alt=\"\" width=\"620\" height=\"310\" srcset=\"https:\/\/www.noucicle.org\/lhora\/wp-content\/uploads\/2018\/06\/proleg2.jpg 3888w, https:\/\/www.noucicle.org\/lhora\/wp-content\/uploads\/2018\/06\/proleg2-300x150.jpg 300w, https:\/\/www.noucicle.org\/lhora\/wp-content\/uploads\/2018\/06\/proleg2-768x383.jpg 768w, https:\/\/www.noucicle.org\/lhora\/wp-content\/uploads\/2018\/06\/proleg2-1024x511.jpg 1024w\" sizes=\"auto, (max-width: 620px) 100vw, 620px\" \/>Setze persones firmen el manifest \u201cUn Pr\u00f2leg necessari\u201d, a trav\u00e9s del qual es presenta aquest grup format per personalitats provinents de l\u2019\u00e0mbit social i acad\u00e8mic, que no obstant porten anys expressant les seves opinions pol\u00edtiques, i d\u2019altres que directament han estat dirigents pol\u00edtics o han ocupat c\u00e0rrecs institucionals. Es tracta de <strong>Jordi Amat, Marga Arboix, Laia Bonet, Joan Botella, Vict\u00f2ria Camps, Joan Coscubiela, Jordi Font, Mercedes Garc\u00eda-Aran, Gemma Lienas, Pilar Malla, Oriol Nel\u00b7lo, Raimon Obiols, Llu\u00eds Rabell, Joan Subirats, Marina Subirats<\/strong> i<strong> Josep Maria Vall\u00e8s<\/strong>. Fa uns mesos, tots ells van firmar un comunicat contra l\u2019empresonament dels dirigents independentistes.<\/p>\n<p>Es presenten com una \u201ciniciativa de di\u00e0leg c\u00edvic\u201d que s\u2019ofereix als qui vulguin participar-hi (per aix\u00f2 obre el correu <a href=\"mailto:projecteproleg@gmail.com\">projecteproleg@gmail.com<\/a>) amb el doble objectiu de \u201cpromoure una sortida enraonada a la crisi institucional a Catalunya i a Espanya per la via de la negociaci\u00f3 i de l\u2019increment de la capacitat del nostre autogovern\u201d; i \u201ccontribuir a l\u2019elaboraci\u00f3 d\u2019una agenda pol\u00edtica a nivell catal\u00e0 i a nivell espanyol que apunti al refor\u00e7ament dels drets socials i a la reducci\u00f3 de les desigualtats\u201d.<\/p>\n<p>El grup parteix de la base que amb els canvis de govern a Catalunya i Espanya s\u2019ha obert una oportunitat \u201cper abordar les q\u00fcestions d\u2019inter\u00e8s general que havien quedat bloquejades o aparcades\u201d, entre les quals cita \u201cuna nova relaci\u00f3 entre la Generalitat i l\u2019Estat\u201d, \u201cla correcci\u00f3 de la din\u00e0mica restrictiva dels drets fonamentals\u201d o \u201cla recuperaci\u00f3 d\u2019una agenda social que ha de combatre l\u2019exclusi\u00f3 social i ha de controlar la concentraci\u00f3 de poder econ\u00f2mic\u201d. Totes aquestes q\u00fcestions, per\u00f2, \u201cno tenen una soluci\u00f3 f\u00e0cil ni immediata\u201d.<\/p>\n<p>La societat catalana, asseguren, \u00e9s \u201cm\u00e9s diversa del que donen a entendre les posicions pol\u00edtiques m\u00e9s extremes\u201d i una gran part aposta per \u201cla toler\u00e0ncia, el di\u00e0leg i la transacci\u00f3 com a requisits per tractar democr\u00e0ticament qualsevol conflicte social i pol\u00edtic\u201d.<\/p>\n<hr \/>\n<p>Aquest \u00e9s el manifest complet:<\/p>\n<h4>UN\u00a0 <strong>PR\u00d2LEG <\/strong>NECESSARI<\/h4>\n<p>Catalunya i Espa\u00f1a estan immerses en una profunda crisi social, pol\u00edtica i constitucional que ha erosionat les bases de la conviv\u00e8ncia democr\u00e0tica. La incapacitat de donar una resposta pol\u00edtica a l\u2019esgotament del model auton\u00f2mic, el tractament barroer i deslleial dels procediments parlamentaris i judicials i el partidisme bel\u00b7ligerant d\u2019alguns mitjans de comunicaci\u00f3 p\u00fablics i privats s\u00f3n part dels factors que ens han portat a aquesta situaci\u00f3.<\/p>\n<p>Fa uns mesos, els signants d\u2019aquesta declaraci\u00f3 vam publicar un comunicat que expressava la nostra profunda preocupaci\u00f3 per aquesta situaci\u00f3, considerant injust, in\u00fatil i socialment perjudicial l\u2019empresonament de pol\u00edtics i dirigents c\u00edvics catalans com a conseq\u00fc\u00e8ncia dels fets de la tardor de 2017. \u00a0Ho seguim pensant.<\/p>\n<p>Avui, per\u00f2, volem creure que la renovaci\u00f3 dels governs de l\u2019Estat i de la Generalitat poden representar l\u2019inici d\u2019un canvi en el clima necessari per abordar les q\u00fcestions d\u2019inter\u00e8s general que havien quedat bloquejades o aparcades. No solament una nova relaci\u00f3 entre la Generalitat i l\u2019Estat. Tamb\u00e9 la correcci\u00f3 de la din\u00e0mica restrictiva dels drets fonamentals o la recuperaci\u00f3 d\u2019una agenda social que ha de combatre l\u2019exclusi\u00f3 social i ha de controlar la concentraci\u00f3 de poder econ\u00f2mic. Sense respecte rigor\u00f3s pels drets socials, econ\u00f2mics i pol\u00edtics, cap democr\u00e0cia \u00e9s prou s\u00f2lida.<\/p>\n<p>Som conscients que les q\u00fcestions plantejades no tenen soluci\u00f3 f\u00e0cil ni immediata. Requereixen una elaboraci\u00f3 laboriosa i de durada llarga. Per aix\u00f2 mateix, els qui subscrivim aquesta declaraci\u00f3 ens volem comprometre a preparar el terreny d\u2019aquesta elaboraci\u00f3 que correspondr\u00e0 a la ciutadania, als seus representants i als experts.<\/p>\n<p>En assumir aquest comprom\u00eds p\u00fablic, volem expressar que la societat catalana \u00e9s m\u00e9s diversa del que donen a entendre les posicions pol\u00edtiques m\u00e9s extremes. Perqu\u00e8 som moltes les persones d\u2019aquest pa\u00eds que apostem per la toler\u00e0ncia, el di\u00e0leg i la transacci\u00f3 com a requisits per tractar democr\u00e0ticament qualsevol conflicte social i pol\u00edtic.<\/p>\n<p>Amb el nom de PR\u00d2LEG, la nostra iniciativa de di\u00e0leg c\u00edvic s\u2019ofereix als qui vulguin participar-hi. L\u2019entenem com a preludi necessari per a la construcci\u00f3 de propostes amb un doble objectiu:<\/p>\n<ul>\n<li>promoure una sortida enraonada a la crisi institucional a Catalunya i a Espanya per la via de la negociaci\u00f3 i de l\u2019increment de la capacitat del nostre autogovern;<\/li>\n<li>contribuir a l\u2019elaboraci\u00f3 d\u2019una agenda pol\u00edtica a nivell catal\u00e0 i a nivell espanyol que apunti al refor\u00e7ament dels drets socials i a la reducci\u00f3 de les desigualtats.<\/li>\n<\/ul>\n<p>L\u2019espai de di\u00e0leg c\u00edvic que presentem oferir\u00e0 la possibilitat d\u2019intercanviar reflexions i propostes sobre temes de inter\u00e8s com\u00fa (treball, renda universal, fiscalitat, desigualtat, Europa, educaci\u00f3, diversitat cultural, segregaci\u00f3 urbana, mitjans de comunicaci\u00f3, etc.) que puguin ajudar a la confecci\u00f3 d\u2019una futura agenda de govern.<\/p>\n<p>Prenem aquesta iniciativa de contribuir al di\u00e0leg c\u00edvic amb la doble convicci\u00f3 de que \u00e9s molt necessari per a la societat catalana i de que aquesta societat compta amb els recursos per fer-lo possible. La sola finalitat de la iniciativa ser\u00e0 la de fer m\u00e9s f\u00e0cil la via del respecte mutu i de l\u2019intercanvi enraonat d\u2019arguments imprescindibles per donar una base s\u00f2lida a la conviv\u00e8ncia democr\u00e0tica.<\/p>\n<p>Barcelona, 18 de juny de 2018.<\/p>\n<\/div>\n<\/div>\n<\/div>\n<p>&nbsp;<\/p>\n","protected":false},"excerpt":{"rendered":"<p>Setze persones firmen el manifest \u201cUn Pr\u00f2leg necessari\u201d, a trav\u00e9s del qual es presenta aquest grup format per personalitats provinents de l\u2019\u00e0mbit social i acad\u00e8mic, que no obstant porten anys expressant les seves opinions pol\u00edtiques, i d\u2019altres que directament han estat dirigents pol\u00edtics o han ocupat c\u00e0rrecs institucionals. Es tracta de Jordi Amat, Marga Arboix, &hellip;<\/p>\n","protected":false},"author":1,"featured_media":0,"comment_status":"open","ping_status":"open","sticky":false,"template":"","format":"standard","meta":{"footnotes":""},"categories":[14,7,15,1],"tags":[],"class_list":["post-19246","post","type-post","status-publish","format-standard","hentry","category-catalunya","category-espaisocialista","category-espanya","category-general"],"_links":{"self":[{"href":"https:\/\/www.noucicle.org\/lhora\/wp-json\/wp\/v2\/posts\/19246","targetHints":{"allow":["GET"]}}],"collection":[{"href":"https:\/\/www.noucicle.org\/lhora\/wp-json\/wp\/v2\/posts"}],"about":[{"href":"https:\/\/www.noucicle.org\/lhora\/wp-json\/wp\/v2\/types\/post"}],"author":[{"embeddable":true,"href":"https:\/\/www.noucicle.org\/lhora\/wp-json\/wp\/v2\/users\/1"}],"replies":[{"embeddable":true,"href":"https:\/\/www.noucicle.org\/lhora\/wp-json\/wp\/v2\/comments?post=19246"}],"version-history":[{"count":6,"href":"https:\/\/www.noucicle.org\/lhora\/wp-json\/wp\/v2\/posts\/19246\/revisions"}],"predecessor-version":[{"id":19253,"href":"https:\/\/www.noucicle.org\/lhora\/wp-json\/wp\/v2\/posts\/19246\/revisions\/19253"}],"wp:attachment":[{"href":"https:\/\/www.noucicle.org\/lhora\/wp-json\/wp\/v2\/media?parent=19246"}],"wp:term":[{"taxonomy":"category","embeddable":true,"href":"https:\/\/www.noucicle.org\/lhora\/wp-json\/wp\/v2\/categories?post=19246"},{"taxonomy":"post_tag","embeddable":true,"href":"https:\/\/www.noucicle.org\/lhora\/wp-json\/wp\/v2\/tags?post=19246"}],"curies":[{"name":"wp","href":"https:\/\/api.w.org\/{rel}","templated":true}]}}