{"id":17680,"date":"2017-09-30T09:21:38","date_gmt":"2017-09-30T07:21:38","guid":{"rendered":"http:\/\/www.noucicle.org\/lhora\/?p=17680"},"modified":"2017-09-30T09:21:38","modified_gmt":"2017-09-30T07:21:38","slug":"oriol-bartomeus-per-que-no-hi-anire","status":"publish","type":"post","link":"https:\/\/www.noucicle.org\/lhora\/oriol-bartomeus-per-que-no-hi-anire\/","title":{"rendered":"Oriol Bartomeus: Per qu\u00e8 no hi anir\u00e9"},"content":{"rendered":"<div dir=\"ltr\" id=\"moz-reader-content\">\n<div id=\"readability-page-1\">\n<div id=\"post-body-2076573782638274285\" itemprop=\"description articleBody\">\n<p><img loading=\"lazy\" decoding=\"async\" class=\"alignleft size-full wp-image-17683\" alt=\"Bartomeus\" src=\"http:\/\/www.noucicle.org\/lhora\/wp-content\/uploads\/2017\/09\/Bartomeus.jpg\" width=\"266\" height=\"189\" \/>He dubtat molt abans de decidir-me a publicar aquest escrit, sobretot a mesura que l\u2019aire s\u2019anava enrarint i la tensi\u00f3 pujava. Els \u00faltims dies m\u2019he donat unes quantes raons per no fer-ho. Per\u00f2 al final he descobert que totes aquestes raons es resumien en una de sola: la por. He tingut por de publicar aix\u00f2, por a les conseq\u00fc\u00e8ncies que em podia portar expressar obertament la meva posici\u00f3, dir-la en veu alta, exposar els meus motius. No s\u00f3c una persona valenta, mai no ho he estat, per\u00f2 no puc admetre que el dest\u00ed del meu pa\u00eds es jugui sobre el silenci, sobre la por a parlar, d\u2019una part. No \u00e9s aquest el pa\u00eds que vull.<\/p>\n<p>Diumenge no participar\u00e9 a la consulta organitzada pel govern de la Generalitat. No ha estat una decisi\u00f3 senzilla, m\u2019he vist sacsejat com tothom en el remol\u00ed de declaracions i contradeclaracions, d\u2019esdeveniments de tota mena que han marcat la hist\u00f2ria recent del nostre pa\u00eds. Tanmateix, un cop decidit confesso que cada cop estic m\u00e9s i m\u00e9s segur de les raons que m\u2019han dut fins aqu\u00ed.<\/p>\n<p>No participar\u00e9 en la consulta de diumenge perqu\u00e8 entenc que \u00e9s una convocat\u00f2ria dirigida exclusivament als independentistes, i com que jo no en s\u00f3c, no em sento convidat.<\/p>\n<p>Perqu\u00e8 entenc que \u00e9s un acte organitzat pels independentistes i aix\u00f2 no m\u2019ofereix cap garantia de neutralitat.<\/p>\n<p>Perqu\u00e8 el que passar\u00e0 diumenge \u00e9s una excusa per continuar l\u2019agenda pol\u00edtica que mena a la declaraci\u00f3 d\u2019independ\u00e8ncia, un cop fracassat l\u2019intent de les eleccions \u201c<em>plebiscit\u00e0ries<\/em>\u201d de <strong>2015<\/strong>. Entenc que l\u2019<strong>1-O<\/strong> \u00e9s un peatge que han de pagar per donar una p\u00e0tina democr\u00e0tica a una decisi\u00f3 que ja tenen presa.<\/p>\n<p>Perqu\u00e8 el resultat ja est\u00e0 decidit, perqu\u00e8 pr\u00e0cticament tots els que volen la independ\u00e8ncia hi participaran (leg\u00edtimament), de manera que el resultat final ser\u00e0 una vict\u00f2ria del s\u00ed, tot essent l\u2019\u00fanica inc\u00f2gnita el marge damunt del no, o gran o molt gran.<\/p>\n<p>Perqu\u00e8 no vull col\u00b7laborar en el que crec que \u00e9s una manifestaci\u00f3 de part. Participant-hi nom\u00e9s legitimaria el resultat i el procediment, ja que, com he dit abans, el resultat est\u00e0 decidit. No vull ser la comparsa necess\u00e0ria, el tonto \u00fatil.<\/p>\n<p>Perqu\u00e8 no vaig participar en la consulta del <strong>9N<\/strong> i no veig cap difer\u00e8ncia entre aquella i aquesta, ambdues s\u00f3n crides partidistes que pretenen refermar una posici\u00f3 que no \u00e9s la meva.<\/p>\n<p>Perqu\u00e8 no penso seguir el joc d\u2019aquells que diuen que si no participes ets c\u00f2mplice del <strong>PP<\/strong>. D\u2019una banda, \u00e9s un trist argument per aconseguir suports, i de l\u2019altra perqu\u00e8 considero que el que realment li fa el joc al <strong>PP<\/strong> \u00e9s aquest enfrontament, que retroalimenta als uns i als altres.<\/p>\n<p>Perqu\u00e8 la convocat\u00f2ria em fa escollir entre la independ\u00e8ncia i la dreta espanyola, i crec que a Catalunya afortunadament hi ha m\u00e9s opcions que aquestes dues.<\/p>\n<p>Perqu\u00e8 no comparteixo la idea de democr\u00e0cia de qui diu tra\u00efdor i feixista (o sedici\u00f3s i colpista) a qui no pensa com ell.<\/p>\n<p>Perqu\u00e8 em nego a validar amb la meva participaci\u00f3 l\u2019atropellament del Parlament de Catalunya perpetrat per la majoria independentista fa tres setmanes, saltant-se les m\u00ednimes normes democr\u00e0tiques que creia que regien el meu pa\u00eds, aquelles que ara invoquen precisament els independentistes quan l\u2019Estat carrega contra el govern de la Generalitat. No crec que sigui aquesta la manera de fer un nou pa\u00eds.<\/p>\n<p>Perqu\u00e8 crec que els que se\u2019ns proposa \u00e9s una drecera, i les dreceres en pol\u00edtica acostumen a dur a culs-de-sac. Els canvis pol\u00edtics profunds requereixen temps i feina, i malgrat que sembli que ha passat molt temps des de 2012 (els temps accelerats s\u00f3n una il\u00b7lusi\u00f3 de moviment), em sembla que el proc\u00e9s no \u00e9s prou madur per poder encarar una via unilateral a la independ\u00e8ncia. No hi ha hagut la paci\u00e8ncia suficient per part dels independentistes per construir una majoria.<\/p>\n<p>Perqu\u00e8 no crec que la convocat\u00f2ria serveixi per arreglar res. Estic conven\u00e7ut (tristament conven\u00e7ut) que d\u2019aqu\u00ed el pa\u00eds en sortir\u00e0 m\u00e9s afeblit i m\u00e9s dividit i crispat.<\/p>\n<p>Perqu\u00e8 no estic del tot segur que a una part dels convocants els preocupi que el pa\u00eds surti d\u2019aqu\u00ed m\u00e9s afeblit i m\u00e9s dividit i crispat. Han preferit seguir amb el seu full de ruta abans d\u2019alentir la marxa per recollir m\u00e9s gent.<\/p>\n<p>Perqu\u00e8 sempre he cregut que la for\u00e7a del nostre pa\u00eds era la capacitat de construir amples consensos, plurals i diversos, on pr\u00e0cticament tots ens sent\u00edssim reconeguts. No sento que la convocat\u00f2ria de diumenge respongui a aquesta mena d\u2019acords. M\u00e9s aviat \u00e9s la sortida per la via directa d\u2019una pulsi\u00f3 (leg\u00edtima i molt nombrosa) que pren el nom de tot el pa\u00eds malgrat ser-ne nom\u00e9s una part.<\/p>\n<p><a href=\"https:\/\/oriolbartomeus.blogspot.com.es\/2017\/09\/per-que-no-hi-anire.html\">La ciutat llunyana<\/a><\/p>\n<p>&nbsp;<\/p>\n<\/div>\n<\/div>\n<\/div>\n","protected":false},"excerpt":{"rendered":"<p>He dubtat molt abans de decidir-me a publicar aquest escrit, sobretot a mesura que l\u2019aire s\u2019anava enrarint i la tensi\u00f3 pujava. Els \u00faltims dies m\u2019he donat unes quantes raons per no fer-ho. Per\u00f2 al final he descobert que totes aquestes raons es resumien en una de sola: la por. He tingut por de publicar aix\u00f2, &hellip;<\/p>\n","protected":false},"author":1,"featured_media":0,"comment_status":"open","ping_status":"open","sticky":false,"template":"","format":"standard","meta":{"footnotes":""},"categories":[14,15],"tags":[],"class_list":["post-17680","post","type-post","status-publish","format-standard","hentry","category-catalunya","category-espanya"],"_links":{"self":[{"href":"https:\/\/www.noucicle.org\/lhora\/wp-json\/wp\/v2\/posts\/17680","targetHints":{"allow":["GET"]}}],"collection":[{"href":"https:\/\/www.noucicle.org\/lhora\/wp-json\/wp\/v2\/posts"}],"about":[{"href":"https:\/\/www.noucicle.org\/lhora\/wp-json\/wp\/v2\/types\/post"}],"author":[{"embeddable":true,"href":"https:\/\/www.noucicle.org\/lhora\/wp-json\/wp\/v2\/users\/1"}],"replies":[{"embeddable":true,"href":"https:\/\/www.noucicle.org\/lhora\/wp-json\/wp\/v2\/comments?post=17680"}],"version-history":[{"count":3,"href":"https:\/\/www.noucicle.org\/lhora\/wp-json\/wp\/v2\/posts\/17680\/revisions"}],"predecessor-version":[{"id":17684,"href":"https:\/\/www.noucicle.org\/lhora\/wp-json\/wp\/v2\/posts\/17680\/revisions\/17684"}],"wp:attachment":[{"href":"https:\/\/www.noucicle.org\/lhora\/wp-json\/wp\/v2\/media?parent=17680"}],"wp:term":[{"taxonomy":"category","embeddable":true,"href":"https:\/\/www.noucicle.org\/lhora\/wp-json\/wp\/v2\/categories?post=17680"},{"taxonomy":"post_tag","embeddable":true,"href":"https:\/\/www.noucicle.org\/lhora\/wp-json\/wp\/v2\/tags?post=17680"}],"curies":[{"name":"wp","href":"https:\/\/api.w.org\/{rel}","templated":true}]}}