{"id":11354,"date":"2014-06-27T11:04:59","date_gmt":"2014-06-27T09:04:59","guid":{"rendered":"http:\/\/www.noucicle.org\/lhora\/?p=11354"},"modified":"2014-07-12T10:37:13","modified_gmt":"2014-07-12T08:37:13","slug":"francesc-trillas-per-un-psc-fort","status":"publish","type":"post","link":"https:\/\/www.noucicle.org\/lhora\/francesc-trillas-per-un-psc-fort\/","title":{"rendered":"Francesc Trillas: Per un PSC fort"},"content":{"rendered":"<p><img loading=\"lazy\" decoding=\"async\" class=\"alignleft size-medium wp-image-11288\" alt=\"psc\" src=\"http:\/\/www.noucicle.org\/lhora\/wp-content\/uploads\/2014\/06\/psc-300x225.jpg\" width=\"300\" height=\"225\" srcset=\"https:\/\/www.noucicle.org\/lhora\/wp-content\/uploads\/2014\/06\/psc-300x225.jpg 300w, https:\/\/www.noucicle.org\/lhora\/wp-content\/uploads\/2014\/06\/psc.jpg 1000w\" sizes=\"auto, (max-width: 300px) 100vw, 300px\" \/>He avalat a <strong>Miquel Iceta<\/strong>. No perqu\u00e8 m&#8217;alegri que <strong>Pere Navarro<\/strong>, a qui no vaig recolzar quan va ser escollit primer secretari, hagi dimitit. En un context de corrupci\u00f3 bastant estesa, demag\u00f2gia i oportunisme per part dels principals dirigents del govern catal\u00e0, i par\u00e0lisi reaccion\u00e0ria per part del govern espanyol, em sembla lamentable que hagi de ser un l\u00edder net com una patena, dialogant, i que a sobre \u00e9s v\u00edctima de la viol\u00e8ncia fruit de tota la demag\u00f2gia imperant, qui hagi de dimitir.<\/p>\n<p>He avalat a <strong>Iceta<\/strong> perqu\u00e8 crec que la prioritat del <strong>PSC<\/strong> ha der ser tornar a ser un partit fort i elegible, rellevant a Catalunya. El partit del federalisme ha de parlar amb una veu clara i escoltada, i en aquest moments realment greus per al sistema democr\u00e0tic a Catalunya, crec que \u00e9s molt important que hi hagi una persona amb experi\u00e8ncia i capacitat de di\u00e0leg al capdavant del que jo segueixo pensant que \u00e9s el partit pol\u00edtic m\u00e9s important de Catalunya, el que encara pot garantir la conviv\u00e8ncia.<\/p>\n<p>Des de fa 20 anys he militat en els sectors cr\u00edtics del <strong>PSC<\/strong>. Per\u00f2 des de la manifestaci\u00f3 de la Diada de 2012 els sectors cr\u00edtics han deixat de criticar, i s&#8217;han convertit en una corretja de transmissi\u00f3 d&#8217;un moviment sobiranista que, en els seus sectors dirigents i els seus altaveus, expressa unes derives que a mi em semblen profundament inquietants.<br \/>\nCrec que el <strong>PSC<\/strong> t\u00e9 enormes problemes no resolts, derivats d&#8217;un exc\u00e9s de burocratitzaci\u00f3 i d&#8217;una selecci\u00f3 ineficient en general del seu personal pol\u00edtic. La no compareixen\u00e7a dels suposats cr\u00edtics en aquestes q\u00fcestions no fan m\u00e9s que agreujar el problema, que per cert es reprodueix en ells cada vegada que algun sector cr\u00edtic fa veure que s&#8217;organitza (amb honroses excepcions, com el Nou Cicle de fa uns anys i el +PSC del darrer congr\u00e9s).<\/p>\n<p>No cal dir que en <strong>Miquel Iceta<\/strong> pot comptar amb tot el meu suport, que com el suport que dono habitualment \u00e9s un suport cr\u00edtic i inc\u00f2mode potser per a ell, molt allunyat del t\u00edpic &#8220;estar a disposici\u00f3 de&#8221; que recordo haver sentit pronunciar a algunes persones (en privat, puc donar noms) que a la que han pogut han saltat del barco pensant que s&#8217;enfonsava i pensant que arribarien a alguna platja inexistent.<\/p>\n<p>El <strong>PSC<\/strong> ha d&#8217;intentar no tornar a ser el que era, perqu\u00e8 les circumst\u00e0ncies no tornaran a ser mai les mateixes, per\u00f2 s\u00ed tornar a ser fidel als seus valors fundacionals i recuperar-se des de la solidesa i el rigor. El <strong>PSC<\/strong> ha de ser un partit catalanista, per\u00f2 no del catalanisme seguidista de quatre oportunistes, sin\u00f3 del catalanisme de Jos\u00e9 Ignacio Urenda, de Ramon Fern\u00e1ndez Jurado, de Jos\u00e9 Montilla i de Javier Soto. El <strong>PSC<\/strong> no pot ser una coalici\u00f3 entre un sindicat d&#8217;alcaldes i un sindicat d&#8217;ex-consellers, sin\u00f3 que ha de ser un partit de ciutadans compromesos amb el progr\u00e9s, amb el federalisme i amb una democr\u00e0cia millor. Nom\u00e9s aix\u00ed podrem contribuir des del nostre rac\u00f3 de m\u00f3n a resoldre els greus problemes als quals s&#8217;enfronta no Catalunya, sin\u00f3 el Planeta que habitem.<\/p>\n<p><a href=\"http:\/\/progresrealprogresoreal.blogspot.com.es\/\" target=\"_blank\">Progr\u00e9s Real\/Progreso Real<\/a><\/p>\n<p>&nbsp;<\/p>\n","protected":false},"excerpt":{"rendered":"<p>He avalat a Miquel Iceta. No perqu\u00e8 m&#8217;alegri que Pere Navarro, a qui no vaig recolzar quan va ser escollit primer secretari, hagi dimitit. En un context de corrupci\u00f3 bastant estesa, demag\u00f2gia i oportunisme per part dels principals dirigents del govern catal\u00e0, i par\u00e0lisi reaccion\u00e0ria per part del govern espanyol, em sembla lamentable que hagi &hellip;<\/p>\n","protected":false},"author":1,"featured_media":0,"comment_status":"open","ping_status":"open","sticky":false,"template":"","format":"standard","meta":{"footnotes":""},"categories":[7],"tags":[159,81,82],"class_list":["post-11354","post","type-post","status-publish","format-standard","hentry","category-espaisocialista","tag-francesc-trillas","tag-miquel-iceta","tag-psc"],"_links":{"self":[{"href":"https:\/\/www.noucicle.org\/lhora\/wp-json\/wp\/v2\/posts\/11354","targetHints":{"allow":["GET"]}}],"collection":[{"href":"https:\/\/www.noucicle.org\/lhora\/wp-json\/wp\/v2\/posts"}],"about":[{"href":"https:\/\/www.noucicle.org\/lhora\/wp-json\/wp\/v2\/types\/post"}],"author":[{"embeddable":true,"href":"https:\/\/www.noucicle.org\/lhora\/wp-json\/wp\/v2\/users\/1"}],"replies":[{"embeddable":true,"href":"https:\/\/www.noucicle.org\/lhora\/wp-json\/wp\/v2\/comments?post=11354"}],"version-history":[{"count":3,"href":"https:\/\/www.noucicle.org\/lhora\/wp-json\/wp\/v2\/posts\/11354\/revisions"}],"predecessor-version":[{"id":11475,"href":"https:\/\/www.noucicle.org\/lhora\/wp-json\/wp\/v2\/posts\/11354\/revisions\/11475"}],"wp:attachment":[{"href":"https:\/\/www.noucicle.org\/lhora\/wp-json\/wp\/v2\/media?parent=11354"}],"wp:term":[{"taxonomy":"category","embeddable":true,"href":"https:\/\/www.noucicle.org\/lhora\/wp-json\/wp\/v2\/categories?post=11354"},{"taxonomy":"post_tag","embeddable":true,"href":"https:\/\/www.noucicle.org\/lhora\/wp-json\/wp\/v2\/tags?post=11354"}],"curies":[{"name":"wp","href":"https:\/\/api.w.org\/{rel}","templated":true}]}}