{"id":10491,"date":"2014-01-27T13:34:51","date_gmt":"2014-01-27T11:34:51","guid":{"rendered":"http:\/\/www.noucicle.org\/lhora\/?p=10491"},"modified":"2014-01-27T13:37:18","modified_gmt":"2014-01-27T11:37:18","slug":"francesc-trillas-catalunya-i-el-declivi-de-lestat-nacio","status":"publish","type":"post","link":"https:\/\/www.noucicle.org\/lhora\/francesc-trillas-catalunya-i-el-declivi-de-lestat-nacio\/","title":{"rendered":"Francesc Trillas: Catalunya i el declivi de l&#8217;estat-naci\u00f3"},"content":{"rendered":"<div id=\"post-body-5248056099009646737\" itemprop=\"description articleBody\">\n<div dir=\"ltr\"><a href=\"http:\/\/www.noucicle.org\/lhora\/?attachment_id=10493\" rel=\"attachment wp-att-10493\"><img loading=\"lazy\" decoding=\"async\" class=\"alignleft size-medium wp-image-10493\" alt=\"cost_benefici\" src=\"http:\/\/www.noucicle.org\/lhora\/wp-content\/uploads\/2014\/01\/cost_benefici-300x198.jpeg\" width=\"300\" height=\"198\" srcset=\"https:\/\/www.noucicle.org\/lhora\/wp-content\/uploads\/2014\/01\/cost_benefici-300x198.jpeg 300w, https:\/\/www.noucicle.org\/lhora\/wp-content\/uploads\/2014\/01\/cost_benefici.jpeg 455w\" sizes=\"auto, (max-width: 300px) 100vw, 300px\" \/><\/a>Els costos i beneficis de la secessi\u00f3 d&#8217;una regi\u00f3 relativament rica com Catalunya no poden desvincular-se de la q\u00fcesti\u00f3 del federalisme europeu.\u00a0Per federalisme europeu em refereixo aqu\u00ed a l&#8217;adopci\u00f3 de mecanismes de decisi\u00f3 comuns i democr\u00e0tics (i no tecnocr\u00e0tics) aplicats a una selecci\u00f3 de pol\u00edtiques, en la l\u00ednia de la proposta d&#8217;una c\u00e0mera pressupost\u00e0ria per als pa\u00efsos de la zona euro de Thomas Piketty.\u00a0Aix\u00f2 implicaria eliminar de facto les fronteres als efectes d&#8217;aquestes q\u00fcestions.<\/div>\n<div dir=\"ltr\"><\/div>\n<div dir=\"ltr\">Un article escrit per l&#8217;economista Rodr\u00edguez Mora i els seus coautors il\u00b7lustra l'&#8221;efecte frontera&#8221; en el comer\u00e7 internacional: si Catalunya se separ\u00e9s i es cre\u00e9s una nova frontera, els intercanvis amb la resta d&#8217;Espanya descendirien a un nivell similar al de Portugal amb Espanya.\u00a0En aquest article es calcula que el cost d&#8217;aquesta disminuci\u00f3 del comer\u00e7 podria arribar al 9% del PIB, que \u00e9s m\u00e9s que el d\u00e8ficit fiscal que Catalunya suposadament deixaria de patir respecte a la resta d&#8217;Espanya.\u00a0Tamb\u00e9 troben que l&#8217;efecte frontera \u00e9s en general considerable entre parells de pa\u00efsos europeus, fins i tot en el context del mercat \u00fanic i la uni\u00f3 monet\u00e0ria.<\/div>\n<div dir=\"ltr\">Els cr\u00edtics amb aquest plantejament han argumentat que una reducci\u00f3 d&#8217;aquesta magnitud en el comer\u00e7 entre Catalunya i la resta d&#8217;Espanya necessitaria molt de temps, i fins i tot en el llarg termini \u00e9s dif\u00edcil imaginar que els espanyols perdrien de tal manera la capacitat d&#8217;interactuar amb els catalans (que parlen espanyol i que no tenen cap ra\u00f3 personal per no comerciar amb els espanyols), i que qualsevol disminuci\u00f3 es veuria compensada per l&#8217;augment del comer\u00e7 amb altres pa\u00efsos, presumiblement europeus.<\/div>\n<div dir=\"ltr\"><\/div>\n<div dir=\"ltr\">Per\u00f2 el comer\u00e7 no \u00e9s una cosa que simplement succeeix, sense cap tipus de condicions institucionals pr\u00e8vies.\u00a0Si la reducci\u00f3 progressiva dels intercanvis amb la resta d&#8217;Espanya s&#8217;ha de veure compensada per un augment del comer\u00e7 amb la resta de la UE, aix\u00f2 significa (a menys que un pensi que el comer\u00e7 no t\u00e9 mecanismes que el sustenten) que les relacions amb la resta de la UE hauran de refor\u00e7ar-se mitjan\u00e7ant institucions com les que faciliten la densitat del comer\u00e7 que Catalunya ha mantingut amb la resta d&#8217;Espanya al llarg de segles.\u00a0A Espanya, aquestes institucions han incl\u00f2s una llengua, aranzels comuns, una moneda, un ex\u00e8rcit, migracions, una lliga de futbol, \u200b\u200bcanals de TV, grans empreses comunes, can\u00e7ons, acudits, amistats i projectes culturals comuns.\u00a0Amb Europa, no tenen per qu\u00e8 ser exactament els mateixos mecanismes, per\u00f2 seran necess\u00e0ries algunes institucions comunes m\u00e9s enll\u00e0 de les ja existents (i m\u00e9s enll\u00e0 de la Lliga de Campions), i sembla raonable esperar que la UE proporcioni la plataforma d&#8217;enlairament per a elles.\u00a0\u00c9s plausible pensar que Catalunya pot aprofitar-se gratu\u00eftament d&#8217;algunes institucions i gaudir dels seus beneficis sense ser membre de la UE, encara que alguns dels beneficis s\u00f3n dif\u00edcils de gaudir sense ser un Estat membre (els programes de subvencions, la pol\u00edtica de defensa de la compet\u00e8ncia, el cr\u00e8dit bancari).\u00a0Sembla m\u00e9s probable que, per gaudir dels beneficis comercials d&#8217;un mercat m\u00e9s integrat, a Catalunya se&#8217;ls demani que contribueixi als seus costos, suposant que tots els altres estats membres acceptin al nou pa\u00eds despr\u00e9s de la secessi\u00f3.<\/div>\n<div dir=\"ltr\"><\/div>\n<div dir=\"ltr\">(El text complet d&#8217;aquest article pot llegir-se\u00a0<a href=\"http:\/\/translate.googleusercontent.com\/translate_c?depth=1&amp;hl=es&amp;ie=UTF8&amp;prev=_t&amp;rurl=translate.google.com&amp;sl=es&amp;tl=ca&amp;u=http:\/\/www.eldiario.es\/agendapublica\/proyecto-europeo\/Cataluna-trilema-Rodrik_0_222228017.html&amp;usg=ALkJrhgE6NeZk0wpZVwoe-Cz3WDlj68NiQ\">aqu\u00ed, a Agenda P\u00fablica<\/a>\u00a0).<\/div>\n<\/div>\n<p><a href=\"%20http:\/\/progresrealprogresoreal.blogspot.be\/2014\/01\/cataluna-y-el-declive-del-estado-nacion.html\" target=\"_blank\"><\/p>\n<div>Progr\u00e9s Real\/Progreso Real<\/div>\n<p><\/a><\/p>\n","protected":false},"excerpt":{"rendered":"<p>Els costos i beneficis de la secessi\u00f3 d&#8217;una regi\u00f3 relativament rica com Catalunya no poden desvincular-se de la q\u00fcesti\u00f3 del federalisme europeu.\u00a0Per federalisme europeu em refereixo aqu\u00ed a l&#8217;adopci\u00f3 de mecanismes de decisi\u00f3 comuns i democr\u00e0tics (i no tecnocr\u00e0tics) aplicats a una selecci\u00f3 de pol\u00edtiques, en la l\u00ednia de la proposta d&#8217;una c\u00e0mera pressupost\u00e0ria per &hellip;<\/p>\n","protected":false},"author":1,"featured_media":0,"comment_status":"open","ping_status":"open","sticky":false,"template":"","format":"standard","meta":{"footnotes":""},"categories":[1],"tags":[],"class_list":["post-10491","post","type-post","status-publish","format-standard","hentry","category-general"],"_links":{"self":[{"href":"https:\/\/www.noucicle.org\/lhora\/wp-json\/wp\/v2\/posts\/10491","targetHints":{"allow":["GET"]}}],"collection":[{"href":"https:\/\/www.noucicle.org\/lhora\/wp-json\/wp\/v2\/posts"}],"about":[{"href":"https:\/\/www.noucicle.org\/lhora\/wp-json\/wp\/v2\/types\/post"}],"author":[{"embeddable":true,"href":"https:\/\/www.noucicle.org\/lhora\/wp-json\/wp\/v2\/users\/1"}],"replies":[{"embeddable":true,"href":"https:\/\/www.noucicle.org\/lhora\/wp-json\/wp\/v2\/comments?post=10491"}],"version-history":[{"count":3,"href":"https:\/\/www.noucicle.org\/lhora\/wp-json\/wp\/v2\/posts\/10491\/revisions"}],"predecessor-version":[{"id":10495,"href":"https:\/\/www.noucicle.org\/lhora\/wp-json\/wp\/v2\/posts\/10491\/revisions\/10495"}],"wp:attachment":[{"href":"https:\/\/www.noucicle.org\/lhora\/wp-json\/wp\/v2\/media?parent=10491"}],"wp:term":[{"taxonomy":"category","embeddable":true,"href":"https:\/\/www.noucicle.org\/lhora\/wp-json\/wp\/v2\/categories?post=10491"},{"taxonomy":"post_tag","embeddable":true,"href":"https:\/\/www.noucicle.org\/lhora\/wp-json\/wp\/v2\/tags?post=10491"}],"curies":[{"name":"wp","href":"https:\/\/api.w.org\/{rel}","templated":true}]}}