{"id":10303,"date":"2014-01-03T16:06:23","date_gmt":"2014-01-03T14:06:23","guid":{"rendered":"http:\/\/www.noucicle.org\/lhora\/?p=10303"},"modified":"2014-01-03T16:06:23","modified_gmt":"2014-01-03T14:06:23","slug":"matthew-goodwin-com-prosperara-o-no-lextrema-dreta-europea-el-2014","status":"publish","type":"post","link":"https:\/\/www.noucicle.org\/lhora\/matthew-goodwin-com-prosperara-o-no-lextrema-dreta-europea-el-2014\/","title":{"rendered":"Matthew Goodwin: Com prosperar\u00e0 -o no- l&#8217;extrema dreta europea el 2014"},"content":{"rendered":"<p><a href=\"http:\/\/www.noucicle.org\/lhora\/?attachment_id=10304\" rel=\"attachment wp-att-10304\"><img loading=\"lazy\" decoding=\"async\" class=\"alignleft size-medium wp-image-10304\" alt=\"extremadreta\" src=\"http:\/\/www.noucicle.org\/lhora\/wp-content\/uploads\/2014\/01\/extremadreta-300x160.jpg\" width=\"300\" height=\"160\" srcset=\"https:\/\/www.noucicle.org\/lhora\/wp-content\/uploads\/2014\/01\/extremadreta-300x160.jpg 300w, https:\/\/www.noucicle.org\/lhora\/wp-content\/uploads\/2014\/01\/extremadreta.jpg 560w\" sizes=\"auto, (max-width: 300px) 100vw, 300px\" \/><\/a>Al febrer de fa trenta anys, un pol\u00edtic franc\u00e8s poc conegut anomenat <b>Jean-Marie Le Pen <\/b>va ser convidat a un popular programa de televisi\u00f3 anomenat \u201cL&#8217;Hora de la Veritat\u201d. L&#8217;esdeveniment, que va introduir les creences de <b>Le<\/b> <b>Pen<\/b> als electors francesos, es va convertir en un moment crucial en la hist\u00f2ria del seu partit, el <b>Front<\/b> <b>Nacional<\/b>. Poc despr\u00e9s va obtenir 2,2 milions de vots en les eleccions europees de 1984 i durant les seg\u00fcents tres d\u00e8cades es va convertir en una for\u00e7a pol\u00edtica important.<\/p>\n<p>Tres d\u00e8cades despr\u00e9s del debut de <b>Le<\/b> <b>Pen<\/b>, Europa es prepara per a la seg\u00fcent s\u00e8rie d&#8217;eleccions de la UE, que molts prediuen que lliurar\u00e0 guanys a l&#8217;extrema dreta. Aix\u00f2 inclou <b>Marine<\/b> <b>Le<\/b> <b>Pen<\/b> (filla de Jean_Marie), que recentment sortia en primer lloc en una enquesta sobre la intenci\u00f3 de vot dels francesos en les eleccions de maig. Juntament amb l&#8217;atur, l&#8217;austeritat i l&#8217;augment de la desigualtat, l&#8217;extrema dreta d&#8217;avui tamb\u00e9 \u00e9s probable que es benefici\u00ef del col\u00b7lapse de la confian\u00e7a p\u00fablica en la pol\u00edtica establerta. Penseu en aix\u00f2: des de la crisi el percentatge de votants a tota Europa que creuen en la UE s&#8217;ha redu\u00eft de gaireb\u00e9 un 60% a tot just el 30 %. I mentre avui escric aix\u00f2, nom\u00e9s un de cada quatre diuen que confien en els seus l\u00edders nacionals. En resum, es podria argumentar que l&#8217;extrema dreta d&#8217;Europa mai ho ha tingut tan b\u00e9.<\/p>\n<p>Llavors, com es presenten els propers 12 mesos per a l&#8217;extrema dreta? L&#8217;atenci\u00f3 se centrar\u00e0 comprensiblement en les eleccions europees, que s\u00f3n un &#8220;cop f\u00e0cil&#8221; per als populistes. Els acad\u00e8mics han demostrat, que a difer\u00e8ncia de les eleccions nacionals que tendeixen a caracteritzar-se per una baixa participaci\u00f3, la indifer\u00e8ncia dels votants i el sentiment m\u00e9s fort de protesta contra els pol\u00edtics nacionals, alimenten l&#8217;extrema dreta. Mentre que els titulars es centraran en la nova alian\u00e7a entre Le Pen i Geert Wilders a Holanda, el 2013 tamb\u00e9 va veure el retorn del Partit Liberal d&#8217;\u00c0ustria, anteriorment dirigit per J\u00f6rg Haider (ja mort). El partit es va recuperar d&#8217;una caiguda per guanyar el 20% en les eleccions nacionals i 40 escons al parlament, un canvi de dest\u00ed que va ser especialment cridaner a l&#8217;antic basti\u00f3 de Haider a Carintia, on el seu vot va passar del 7% al 17%.<\/p>\n<p>Per\u00f2 aquestes vict\u00f2ries tamb\u00e9 s&#8217;han de posar al costat dels casos de p\u00e8rdues. L&#8217;extrema dreta ha prosperat enmig de la crisi en pa\u00efsos com \u00c0ustria, Fran\u00e7a i els Pa\u00efsos Baixos, per\u00f2 s&#8217;ha estancat o retrocedit en llocs com B\u00e8lgica, Alemanya, It\u00e0lia, Pol\u00f2nia, Portugal i Espanya. La c\u00fapula de l&#8217;extrema dreta alemanya est\u00e0 en desordre despr\u00e9s de la dimissi\u00f3 d&#8217;un dels seus l\u00edders. Malgrat l&#8217;historial d&#8217;atur juvenil, l&#8217;extrema dreta a Espanya \u00e9s insignificant tret d&#8217;algunes \u00e0rees locals, mentre que el Partit Nacional Brit\u00e0nic est\u00e0 en col\u00b7lapse enmig de la recessi\u00f3 i l\u2019austeritat, i mentre la Lliga de Defensa Anglesa, subratlla la idea que la sort dels ultradretans no dep\u00e8n simplement de la pres\u00e8ncia d&#8217;una crisi.<\/p>\n<p>De fet, les prediccions basades en l&#8217;evid\u00e8ncia del que succeir\u00e0 en els propers 12 mesos pinten una imatge molt diferent a la saviesa convencional que ens diu que el mot\u00ed de l\u2019extrema dreta s&#8217;est\u00e0 estenent a trav\u00e9s del continent. Basant-se en els resultats de les \u00faltimes eleccions, l&#8217;acad\u00e8mic Cas Mudde estima que nom\u00e9s en 12 dels 28 estats de la UE es podran veure partits d&#8217;extrema dreta entrant al Parlament Europeu. S&#8217;estima que s\u2019emportaran al voltant de 34 escons -o entre el 4% i el 6,5 % de tots els escons. Fins i tot si afegim els vots dels altres partits no d&#8217;extrema dreta, per\u00f2 si populistes anti-UE -com els Veritables Finlandesos a Finl\u00e0ndia, l&#8217;Alternativa per a Alemanya, el Partit per la Independ\u00e8ncia del Regne Unit i fins i tot el Moviment 5 Estrelles de Beppe Grillo a It\u00e0lia- encara estem amb una col\u00b7lecci\u00f3 molt diversa de partits que tenen poca probabilitat de guanyar m\u00e9s d&#8217;un 15-20% de tots els escons, i fins i tot tenen menys probabilitats de construir una for\u00e7a de cohesi\u00f3. Un resultat r\u00e8cord, assenyala Mudde, per\u00f2 dif\u00edcilment un obstacle seri\u00f3s.<\/p>\n<p>En molts aspectes, les prediccions m\u00e9s interessants es refereixen a les eleccions fora de la UE. El proper any veurem unes importants eleccions locals a Fran\u00e7a, on <b>Marine<\/b> <b>Le<\/b> <b>Pen<\/b> espera guanyar &#8220;centenars, potser milers\u201d de regidors. La maquin\u00e0ria de base del seu partit t\u00e9 una traject\u00f2ria impressionant, despr\u00e9s d&#8217;haver guanyat unes eleccions locals a l\u2019octubre on el seu candidat va obtenir el 53% dels vots. \u201cL\u2019Estrat\u00e8gia de desintoxicaci\u00f3\u201d de Le Pen est\u00e0 augmentant l&#8217;atractiu del seu partit dins de la societat francesa i les eleccions locals s\u00f3n el proper pas en la construcci\u00f3 d&#8217;un gran avan\u00e7. Tamb\u00e9 hi haur\u00e0 eleccions locals als Pa\u00efsos Baixos, on el 2013 el Partit per la Llibertat de Geert Wilders va recuperar-se d&#8217;un comen\u00e7ament dif\u00edcil per emergir com el m\u00e9s popular. A nivell nacional, Wilders i el PVV es preveu que guanyaran m\u00e9s escons nacionals que qualsevol altre partit.<\/p>\n<p>Hi ha tres eleccions que tamb\u00e9 s\u2019han de vigilar de prop. En primer lloc, gaireb\u00e9 al mateix temps que les eleccions europees se celebraran les eleccions locals a Gr\u00e8cia a trav\u00e9s de m\u00e9s de 300 municipis, aix\u00ed com una elecci\u00f3 altament simb\u00f2lica a l\u2019alcaldia d\u2019Atenes que Golden Dawn t\u00e9 previst disputar. El 2013, el suport al partit neo-nazi va aconseguir el seu punt m\u00e0xim amb una mitjana de m\u00e9s del 12% en les enquestes. Tot i que el seu suport es va desplomar despr\u00e9s de l&#8217;assassinat d&#8217;un raper antifeixista, m\u00e9s tard es va recuperar. Al desembre de 2013, la Golden Dawn tenia una mitjana d\u2019un 11% en les enquestes -4 punts per sobre del seu resultat en les eleccions nacionals de 2012. Alguns grecs no s\u2019han deixat simplement intimidar per les simpaties p\u00fabliques per al nazisme, la participaci\u00f3 en assassinats i les pallisses als immigrants. Suposant que aquest suport es mant\u00e9 estable, i la Golden Dawn no es dissol per la for\u00e7a per l&#8217;Estat, llavors, el 2014, Europa s&#8217;enfronta a la perspectiva molt real que hi hagi representants de la Golden Dawn al Parlament Europeu, els consells locals i obtingui un bon resultat a Atenes.<\/p>\n<p>En segon lloc, hi ha previstes unes eleccions nacionals a Hongria per a la primavera i \u00e9s probable que vegem un bon resultat per a Jobbik, un moviment virulentament anti-Roma i antisemita, que t\u00e9 vincles amb el BNP. Jobbik va entrar al Parlament hongar\u00e8s per primera vegada el 2010 despr\u00e9s de rebre m\u00e9s de 800.000 vots, o m\u00e9s del 16% de la votaci\u00f3 nacional. Si b\u00e9 el seu suport es va reduir despr\u00e9s, Jobbik ha aconseguit una mitjana al voltant del 13% entre els votants decidits (encara que un gran nombre d&#8217;hongaresos continuen indecisos). Hi ha poca ra\u00f3 per qu\u00e8 aquest moviment que est\u00e0 estretament vinculat als grups paramilitars no afermi la seva posici\u00f3 com una for\u00e7a important en la pol\u00edtica hongaresa, i mantingui o augmenti els seus tres escons al Parlament Europeu. Despr\u00e9s, al setembre, les eleccions nacionals a Su\u00e8cia mostraran als Dem\u00f2crates de Su\u00e8cia \u2013un partit arrelat al neonazisme- en un intent de millorar el seu resultat del 2010, quan va atraure el 5,7% dels vots i va entrar al parlament per primera vegada amb 20 escons. Les enquestes m\u00e9s recents els situen al voltant del 10% i en prediuen 30 escons.<\/p>\n<p>En general, doncs, l&#8217;extrema dreta europea seguir\u00e0 estant molt en les not\u00edcies al llarg de 2014. Per\u00f2 tamb\u00e9 \u00e9s important recon\u00e8ixer que, si b\u00e9 alguns dels moviments m\u00e9s establerts sembla que gaudiran de l&#8217;any que ve, d\u2019altres s\u00f3n propensos a romandre fermament al llindar &#8211; i malgrat la crisi. Si els \u00faltims anys ens han ensenyat alguna cosa sobre aquesta for\u00e7a t\u00f2xica en la pol\u00edtica europea, \u00e9s que si b\u00e9 les dificultats econ\u00f2miques poden ajudar a certs partits en certs punts, no explica la hist\u00f2ria completa de per qu\u00e8 alguns partits de l&#8217;extrema dreta estan en el seu cam\u00ed cap a la corrent principal mentre que altres s&#8217;han quedat al marge.<\/p>\n<p><a href=\"http:\/\/www.newstatesman.com\/politics\/2014\/01\/how-europes-far-right-will-and-wont-flourish-2014\">New Stateman<\/a><\/p>\n","protected":false},"excerpt":{"rendered":"<p>Al febrer de fa trenta anys, un pol\u00edtic franc\u00e8s poc conegut anomenat Jean-Marie Le Pen va ser convidat a un popular programa de televisi\u00f3 anomenat \u201cL&#8217;Hora de la Veritat\u201d. L&#8217;esdeveniment, que va introduir les creences de Le Pen als electors francesos, es va convertir en un moment crucial en la hist\u00f2ria del seu partit, el &hellip;<\/p>\n","protected":false},"author":1,"featured_media":0,"comment_status":"open","ping_status":"open","sticky":false,"template":"","format":"standard","meta":{"footnotes":""},"categories":[16,1],"tags":[25],"class_list":["post-10303","post","type-post","status-publish","format-standard","hentry","category-europa","category-general","tag-unio-europea"],"_links":{"self":[{"href":"https:\/\/www.noucicle.org\/lhora\/wp-json\/wp\/v2\/posts\/10303","targetHints":{"allow":["GET"]}}],"collection":[{"href":"https:\/\/www.noucicle.org\/lhora\/wp-json\/wp\/v2\/posts"}],"about":[{"href":"https:\/\/www.noucicle.org\/lhora\/wp-json\/wp\/v2\/types\/post"}],"author":[{"embeddable":true,"href":"https:\/\/www.noucicle.org\/lhora\/wp-json\/wp\/v2\/users\/1"}],"replies":[{"embeddable":true,"href":"https:\/\/www.noucicle.org\/lhora\/wp-json\/wp\/v2\/comments?post=10303"}],"version-history":[{"count":1,"href":"https:\/\/www.noucicle.org\/lhora\/wp-json\/wp\/v2\/posts\/10303\/revisions"}],"predecessor-version":[{"id":10305,"href":"https:\/\/www.noucicle.org\/lhora\/wp-json\/wp\/v2\/posts\/10303\/revisions\/10305"}],"wp:attachment":[{"href":"https:\/\/www.noucicle.org\/lhora\/wp-json\/wp\/v2\/media?parent=10303"}],"wp:term":[{"taxonomy":"category","embeddable":true,"href":"https:\/\/www.noucicle.org\/lhora\/wp-json\/wp\/v2\/categories?post=10303"},{"taxonomy":"post_tag","embeddable":true,"href":"https:\/\/www.noucicle.org\/lhora\/wp-json\/wp\/v2\/tags?post=10303"}],"curies":[{"name":"wp","href":"https:\/\/api.w.org\/{rel}","templated":true}]}}