{"id":10066,"date":"2013-11-27T09:18:31","date_gmt":"2013-11-27T07:18:31","guid":{"rendered":"http:\/\/www.noucicle.org\/lhora\/?p=10066"},"modified":"2013-11-27T10:26:11","modified_gmt":"2013-11-27T08:26:11","slug":"joan-majo-globalitzacio-bits-i-poder","status":"publish","type":"post","link":"https:\/\/www.noucicle.org\/lhora\/joan-majo-globalitzacio-bits-i-poder\/","title":{"rendered":"Joan Maj\u00f3: Globalitzaci\u00f3, bits i poder"},"content":{"rendered":"<p><a href=\"http:\/\/www.noucicle.org\/lhora\/?attachment_id=10067\" rel=\"attachment wp-att-10067\"><img loading=\"lazy\" decoding=\"async\" class=\"alignleft size-medium wp-image-10067\" alt=\"globalitzacio\" src=\"http:\/\/www.noucicle.org\/lhora\/wp-content\/uploads\/2013\/11\/globalitzacio-300x222.jpg\" width=\"300\" height=\"222\" srcset=\"https:\/\/www.noucicle.org\/lhora\/wp-content\/uploads\/2013\/11\/globalitzacio-300x222.jpg 300w, https:\/\/www.noucicle.org\/lhora\/wp-content\/uploads\/2013\/11\/globalitzacio.jpg 1024w\" sizes=\"auto, (max-width: 300px) 100vw, 300px\" \/><\/a>Aviat far\u00e0 vint anys que vaig escriure un llibre sobre el tema.\u00a0Moltes afirmacions de llavors eren intu\u00efcions, raonables per\u00f2 nom\u00e9s intu\u00efcions. En aquells moments, la televisi\u00f3 digital, Internet, les c\u00e0meres digitals, o la telefonia m\u00f2bil, estaven en un estadi incipient i ple d&#8217;inc\u00f2gnites, i era dif\u00edcil preveure la rapidesa amb qu\u00e8 tot anava a succeir.\u00a0Faig ara una reflexi\u00f3 a posteriori, a partir d&#8217;una afirmaci\u00f3 inicial: els enormes canvis ocorreguts en les relacions de poder s\u00f3n en bona part el resultat de la conflu\u00e8ncia entre globalitzaci\u00f3 i digitalitzaci\u00f3.<\/p>\n<p><strong>\u00bbGlobalitzaci\u00f3.<\/strong>\u00a0La globalitzaci\u00f3 \u00e9s un tema d&#8217;espais i de fronteres. Viv\u00edem, a finals del segle XX, en un mapa de &#8216;pa\u00efsos&#8217;, \u00e9s a dir d&#8217;espais estatals perfectament definits i separats per fronteres.\u00a0En els estats democr\u00e0tics, hi havia a l&#8217;interior del seu territori una absoluta llibertat de moviments per a persones, mercaderies, diners, informaci\u00f3, i una uniformitat de normes legals.\u00a0Per\u00f2 aquesta llibertat de despla\u00e7ament s&#8217;acabava en arribar a les fronteres (passaports, salconduits, aranzels, canvis de moneda i de carnet de conduir, xarxes de repetidors de TV no interconnectades, premsa que arribava l&#8217;endem\u00e0, legislacions i normes diferents a una i altra part de la frontera&#8230;).\u00a0La globalitzaci\u00f3 va significar l&#8217;enderrocament de les fronteres.\u00a0Enderroc de barreres jur\u00eddiques causa de decisions pol\u00edtiques, i enderroc de barreres naturals a causa de la tecnologia, que facilita el moviment i redueix el seu cost.<\/p>\n<p><strong>\u00bbGlobalitzaci\u00f3 desequilibrada.<\/strong>\u00a0Aquesta doble dimensi\u00f3, jur\u00eddica i f\u00edsica, s&#8217;ha produ\u00eft una globalitzaci\u00f3 desigual.\u00a0Un cop eliminades les barreres jur\u00eddiques, han quedat les barreres naturals que no s\u00f3n totes igual d&#8217;altes.\u00a0Els tom\u00e0quets es mouen amb gran facilitat, els envasos de llet etiquetats en una llengua no es poden moure sense un canvi d&#8217;etiqueta, els aparells el\u00e8ctrics no es poden moure sense que les normes t\u00e8cniques sobre els mateixos siguin les mateixes a banda i banda, els professionals que busquen feina no poden despla\u00e7ar-se sense un acord de reconeixement de diplomes, els treballadors de tot tipus tenen normalment barreres de llengua i de cultura, i alguns es juguen la vida en una pastera.<\/p>\n<p>Poso aquests exemples per evidenciar que la llibertat que suposa la globalitzaci\u00f3 \u00e9s desigual, i t\u00e9 m\u00e9s o menys dificultats segons qu\u00e8 \u00e9s el que es mou.<\/p>\n<p>La digitalitzaci\u00f3 ha introdu\u00eft una altra desigualtat.\u00a0Tot all\u00f2 que es pot moure posant-ho en forma de bits pot fer-ho de forma instant\u00e0nia, de manera massiva, i a cost zero.\u00a0Des d&#8217;aquest punt de vista, cal convenir que la veritable globalitzaci\u00f3 nom\u00e9s s&#8217;ha produ\u00eft en dos sectors: el sector de la informaci\u00f3 i el sector dels diners, una vegada i un altre convertibles en bits.\u00a0Aix\u00f2 ha desequilibrat la societat.<\/p>\n<p><strong>\u00bbInformaci\u00f3, capital i poder.<\/strong>\u00a0S&#8217;ha produ\u00eft un gran creixement del poder dels qui controlen aquests dos sectors globalitzats, passant per sobre del poder dels pol\u00edtics, el poder dels quals segueix en gran mesura circumscrit als territoris nacionals.\u00a0Mentre els que juguen amb la informaci\u00f3 i amb el capital financer poden despla\u00e7ar la pilota a l&#8217;ample i llarg de tot el camp, els pol\u00edtics tenen nom\u00e9s capacitat de moure&#8217;s dins de la seva parcel\u00b7la.<\/p>\n<p>Els esfor\u00e7os infructuosos dels governs dictatorials per evitar que els seus ciutadans rebin informaci\u00f3 exterior per Internet, i els fracassos dels governs europeus per intentar que els seus ciutadans posse\u00efdors de grans capitals compleixin les obligacions fiscals al seu pa\u00eds, han posat en evid\u00e8ncia recentment aquesta incapacitat.\u00a0I el xantatge dels inversors internacionals per aconseguir modificar les lleis d&#8217;un pa\u00eds, amena\u00e7ant amb despla\u00e7ar les seves inversions financeres a un altre costat, ha fet canviar moltes lleis, en contra de la voluntat pol\u00edtica&#8230; (&#8220;Els mercats ens obliguen&#8230;&#8221;).<\/p>\n<p><strong>\u00bbPerspectives.<\/strong>\u00a0En el camp de la informaci\u00f3 la batalla est\u00e0, afortunadament, perduda.\u00a0A part de la mobilitat, la xarxa ha perm\u00e8s que tot ciutad\u00e0 pugui rebre, i alhora difondre, informaci\u00f3.\u00a0Cal que s&#8217;estableixin amb car\u00e0cter global algunes normes que protegeixin la privacitat personal i castiguin la falsedat o la cal\u00famnia, per\u00f2 al mateix temps cal acceptar que la societat s&#8217;ha convertit en transparent i que l&#8217;ocultaci\u00f3 ja no \u00e9s una forma d&#8217;evitar responsabilitats.\u00a0Aix\u00f2 \u00e9s bo.<\/p>\n<p>Per\u00f2 en relaci\u00f3 al capital \u00e9s necess\u00e0ria, com tantes vegades s&#8217;ha prom\u00e8s, una regulaci\u00f3 global de les activitats financeres que impedeixi (o gravi amb m\u00e9s impostos) les operacions especulatives, i que mantingui els &#8216;serveis financers&#8217; per\u00f2 eviti els &#8216;casinos financers&#8217;. Nom\u00e9s cedint sobirania en aquests temes a entitats supraestatals, els actuals Estats podran recuperar una part del poder que ja han perdut davant &#8220;els mercats&#8221;. Si no ho fan, els governs seguiran v\u00edctimes de la impot\u00e8ncia actual que els impedeix resoldre les nostres crisis.<\/p>\n<p><a href=\"http:\/\/ccaa.elpais.com\/ccaa\/2013\/11\/26\/catalunya\/1385490078_803774.html\" target=\"_blank\">El Pa\u00eds<\/p>\n<p><\/a><\/p>\n","protected":false},"excerpt":{"rendered":"<p>Aviat far\u00e0 vint anys que vaig escriure un llibre sobre el tema.\u00a0Moltes afirmacions de llavors eren intu\u00efcions, raonables per\u00f2 nom\u00e9s intu\u00efcions. En aquells moments, la televisi\u00f3 digital, Internet, les c\u00e0meres digitals, o la telefonia m\u00f2bil, estaven en un estadi incipient i ple d&#8217;inc\u00f2gnites, i era dif\u00edcil preveure la rapidesa amb qu\u00e8 tot anava a succeir.\u00a0Faig &hellip;<\/p>\n","protected":false},"author":1,"featured_media":0,"comment_status":"open","ping_status":"open","sticky":false,"template":"","format":"standard","meta":{"footnotes":""},"categories":[1],"tags":[30,115],"class_list":["post-10066","post","type-post","status-publish","format-standard","hentry","category-general","tag-politica-2-0","tag-politica-internacional"],"_links":{"self":[{"href":"https:\/\/www.noucicle.org\/lhora\/wp-json\/wp\/v2\/posts\/10066","targetHints":{"allow":["GET"]}}],"collection":[{"href":"https:\/\/www.noucicle.org\/lhora\/wp-json\/wp\/v2\/posts"}],"about":[{"href":"https:\/\/www.noucicle.org\/lhora\/wp-json\/wp\/v2\/types\/post"}],"author":[{"embeddable":true,"href":"https:\/\/www.noucicle.org\/lhora\/wp-json\/wp\/v2\/users\/1"}],"replies":[{"embeddable":true,"href":"https:\/\/www.noucicle.org\/lhora\/wp-json\/wp\/v2\/comments?post=10066"}],"version-history":[{"count":2,"href":"https:\/\/www.noucicle.org\/lhora\/wp-json\/wp\/v2\/posts\/10066\/revisions"}],"predecessor-version":[{"id":10069,"href":"https:\/\/www.noucicle.org\/lhora\/wp-json\/wp\/v2\/posts\/10066\/revisions\/10069"}],"wp:attachment":[{"href":"https:\/\/www.noucicle.org\/lhora\/wp-json\/wp\/v2\/media?parent=10066"}],"wp:term":[{"taxonomy":"category","embeddable":true,"href":"https:\/\/www.noucicle.org\/lhora\/wp-json\/wp\/v2\/categories?post=10066"},{"taxonomy":"post_tag","embeddable":true,"href":"https:\/\/www.noucicle.org\/lhora\/wp-json\/wp\/v2\/tags?post=10066"}],"curies":[{"name":"wp","href":"https:\/\/api.w.org\/{rel}","templated":true}]}}