{"id":10006,"date":"2013-11-20T13:01:17","date_gmt":"2013-11-20T11:01:17","guid":{"rendered":"http:\/\/www.noucicle.org\/lhora\/?p=10006"},"modified":"2013-11-20T13:03:53","modified_gmt":"2013-11-20T11:03:53","slug":"entrevista-a-raimon-passen-coses-terribles-que-mai-vam-pensar-que-ocorrerien","status":"publish","type":"post","link":"https:\/\/www.noucicle.org\/lhora\/entrevista-a-raimon-passen-coses-terribles-que-mai-vam-pensar-que-ocorrerien\/","title":{"rendered":"Entrevista a Raimon: &#8220;Passen coses terribles que mai vam pensar que ocorrerien&#8221;"},"content":{"rendered":"<p><a href=\"http:\/\/www.noucicle.org\/lhora\/?attachment_id=10007\" rel=\"attachment wp-att-10007\"><img loading=\"lazy\" decoding=\"async\" class=\"alignleft size-medium wp-image-10007\" alt=\"raimon\" src=\"http:\/\/www.noucicle.org\/lhora\/wp-content\/uploads\/2013\/11\/raimon-300x136.jpg\" width=\"300\" height=\"136\" srcset=\"https:\/\/www.noucicle.org\/lhora\/wp-content\/uploads\/2013\/11\/raimon-300x136.jpg 300w, https:\/\/www.noucicle.org\/lhora\/wp-content\/uploads\/2013\/11\/raimon.jpg 620w\" sizes=\"auto, (max-width: 300px) 100vw, 300px\" \/><\/a>Abans que estigu\u00e9s de moda anar de fosc Raimon ja vestia aix\u00ed, tan sobri, encara que la seva can\u00e7\u00f3 m\u00e9s popular,\u00a0<em>Al vent,<\/em>\u00a0un himne dels seixanta, i ell mateix van donar forma a un colorit que ell resumeix amb el riure jovial que s&#8217;enterboleix quan es fixa en el que passa ara en aquest m\u00f3n &#8220;tan b\u00e8stia&#8221;.\u00a0Va a complir 73 anys (&#8220;s\u00f3c m\u00e9s vell que el meu pare al morir&#8221;) i t\u00e9 encara temps, creu, per compondre algunes can\u00e7ons &#8220;sobre els afectes, la p\u00e8rdua, els dubtes, els odis&#8221;.\u00a0Ara ha vingut a Madrid a cantar (dem\u00e0 dijous, en el Cercle de Belles Arts) a un dels seus poetes predilectes, Salvador Espriu, en el centenari del poeta de\u00a0<em>La pell de brau<\/em>.<\/p>\n<p><strong>Pregunta.<\/strong>\u00a0Sempre que ve a Madrid passa alguna cosa que converteix la seva actuaci\u00f3 en un s\u00edmbol.<\/p>\n<p><strong>Resposta.<\/strong>\u00a0Involunt\u00e0riament.\u00a0En 1965 hi havia Franco, em van prohibir cantar a La Zarzuela i vaig anar al Club d&#8217;Amics de la Unesco, on s\u00ed vaig poder cantar.\u00a0Al 68, a Econ\u00f2miques, vaig fer el recital del 18 de maig a la <em>Villa<\/em>; \u00a0hi havien 6.000 estudiants, la policia ens va fer sortir per cames.\u00a0Hi havia un cartell enorme, llen\u00e7ols en qu\u00e8 es llegia &#8220;Els pobles ib\u00e8rics pel socialisme&#8221; i &#8220;Democr\u00e0cia popular&#8221;.\u00a0Ens vam escapar al final i vaig anar-me&#8217;n a X\u00e0tiva, sempre que podia anava a veure a la meva mare.<\/p>\n<p><strong>P.<\/strong>\u00a0<em>A X\u00e0tiva, al carrer Blanc,<\/em>\u00a0com diu en una de les seves can\u00e7ons&#8230;<\/p>\n<p><strong>R.<\/strong>\u00a0Els estudiants ens van facilitar la fugida&#8230; Despr\u00e9s de la mort de Franco, amb Fraga de ministre, van voler prohibir-me cantar al Bernab\u00e9u.\u00a0Un policia li va dir a Analisa, la meva dona, que anaven a gasejar l&#8217;estadi perqu\u00e8 estaven &#8220;cridant contra el r\u00e8gim&#8221;.\u00a0Ella li va dir: &#8220;No creu que ha de consultar-ho amb els seus superiors?&#8221;.\u00a0All\u00ed estaven Felipe, Marcelino&#8230; Nom\u00e9s vaig actuar aquesta vegada; anaven a ser quatre concerts, van ser prohibits els altres tres. Despr\u00e9s vaig tornar al Teatre Espa\u00f1ol, als vuitanta.<\/p>\n<p><strong>P.<\/strong>\u00a0I es va produir el 1997 la sonora xiulada a Las Ventas&#8230;<\/p>\n<p><strong>R.<\/strong>\u00a0En el concert en mem\u00f2ria de Miguel \u00c1ngel Blanco, v\u00edctima d&#8217;ETA.Vaig cantar la meva can\u00e7\u00f3 dedicada al Pa\u00eds Basc. Van xiular a Pepe Sacrist\u00e1n, a d&#8217;altres, a mi, des que van anunciar que cantaria aquesta can\u00e7\u00f3.\u00a0Xiulaven l&#8217;idioma, l&#8217;assumpte.\u00a0El Pa\u00eds Basc no \u00e9s ETA. Vaig pensar si no seria que la gent no cridava exactament contra ETA sin\u00f3 contra la diversitat, contra la llengua.\u00a0Vaig pensar: el p\u00fablic s&#8217;enganya o l&#8217;enganyen.<\/p>\n<p><strong>P.<\/strong>\u00a0Ara ve, canta Espriu i la gent evoca el que passa amb Catalunya i la independ\u00e8ncia.<\/p>\n<p><strong>R.<\/strong>\u00a0Espero que Espriu sigui rebut com el que \u00e9s: un poeta complex, molt tens.\u00a0Que no ho redueixin a les etiquetes.\u00a0Fa una poesia c\u00edvica, que expressa la seva lluita per la dignitat de les persones, l&#8217;\u00e0nsia de llibertat&#8230; Llibertat \u00e9s la paraula que m\u00e9s surt en els seus versos.\u00a0Escrivia sota la dictadura.<\/p>\n<p><strong>P.<\/strong>\u00a0En aquest moment aquestes apel\u00b7lacions a la llibertat, a les raons del poble, es llegeixen d&#8217;una altra manera&#8230; Com s&#8217;integra la poesia d&#8217;Espriu en el debat actual?<\/p>\n<p><strong>R.<\/strong>\u00a0Per\u00f2 aquests versos ja hi eren&#8230; La meva impressi\u00f3 \u00e9s que Espriu era iberista, aix\u00f2 era\u00a0<em>La pell de brau,<\/em>\u00a0ell creia que els homes i les lleng\u00fces s\u00f3n diversos; aquesta diversitat havia de organitzar-se.<\/p>\n<p><strong>P.<\/strong>\u00a0I aix\u00f2 opina vost\u00e8 tamb\u00e9.<\/p>\n<p><strong>R.<\/strong>\u00a0S\u00ed, jo ho crec, crec que hi ha d&#8217;haver un di\u00e0leg, un debat pol\u00edtic que no existeix ara.\u00a0Penso, per exemple, que una cosa \u00e9s Espanya i una altra la organitzaci\u00f3 de l&#8217;Estat, com una cosa \u00e9s Madrid i el poder (tal com es veu des de la perif\u00e8ria) i una altra \u00e9s la ciutat de Madrid.<\/p>\n<p><strong>P.<\/strong>\u00a0Com se sent vost\u00e8 personalment davant aquesta situaci\u00f3?<\/p>\n<p><strong>R.<\/strong>\u00a0Em sento inc\u00f2mode.\u00a0Crec que hi ha d&#8217;haver di\u00e0leg i que s&#8217;ha de produir una consulta.\u00a0\u00c9s una situaci\u00f3 nova, una crisi, desapareix el vell i el nou no acaba d&#8217;instal\u00b7lar-se.\u00a0Doncs parlem d&#8217;aix\u00f2.\u00a0El caf\u00e8 per a tots ja va fer la seva funci\u00f3.\u00a0El Govern i part de l&#8217;oposici\u00f3 no es mouen, i all\u00e0 l&#8217;hegemonia independentista respon amb m\u00e9s entossudiment al tancament.\u00a0Aix\u00ed estem.\u00a0El Govern del PP mant\u00e9 sempre la tend\u00e8ncia a homogene\u00eftzar la diversitat, en lloc d&#8217;organitzar-la.<\/p>\n<p><strong>P.<\/strong>\u00a0\u00bfCantar arregla alguna cosa?<\/p>\n<p><strong>R.<\/strong>\u00a0Cantar no arregla res, ha ha ha&#8230; Cantar \u00e9s un plaer, com fumar per Sarita Montiel.\u00a0De la meva vida he fet cant i del meu cant he fet vida. Diderot deia que l&#8217;actor ha d&#8217;emocionar a la gent que ho est\u00e0 veient. Confesso que de vegades m&#8217;emociono jo mateix amb algunes can\u00e7ons. Ara vull abordar noves can\u00e7ons, encara hi ha temps.\u00a0El futur s&#8217;aprima, ja veus, s\u00f3c m\u00e9s vell que el meu pare.\u00a0Cantar\u00e9 viv\u00e8ncies, dubtes, afectes; tractar\u00e9 d&#8217;indagar en aquest moment terrible, en qu\u00e8 passen coses que un creia que\u00a0mai \u00a0ocorrerien.<\/p>\n<p><strong style=\"font-size: 13px; line-height: 19px;\">P.<\/strong>\u00a0Per exemple?<\/p>\n<p><strong>R.<\/strong>\u00a0L&#8217;actitud davant els emigrants, als que tracten com si no fossin persones.\u00a0La mis\u00e8ria.\u00a0Els problemes reals de cada dia.\u00a0Cantar, potser, per ajudar a que hi hagi un m\u00f3n menys b\u00e8stia.<\/p>\n<p>Entrevista de Juan Cruz per a <a href=\"http:\/\/ccaa.elpais.com\/ccaa\/2013\/11\/19\/madrid\/1384891449_401085.html\" target=\"_blank\">El Pa\u00eds<\/a><\/p>\n","protected":false},"excerpt":{"rendered":"<p>Abans que estigu\u00e9s de moda anar de fosc Raimon ja vestia aix\u00ed, tan sobri, encara que la seva can\u00e7\u00f3 m\u00e9s popular,\u00a0Al vent,\u00a0un himne dels seixanta, i ell mateix van donar forma a un colorit que ell resumeix amb el riure jovial que s&#8217;enterboleix quan es fixa en el que passa ara en aquest m\u00f3n &#8220;tan &hellip;<\/p>\n","protected":false},"author":1,"featured_media":0,"comment_status":"open","ping_status":"open","sticky":false,"template":"","format":"standard","meta":{"footnotes":""},"categories":[127],"tags":[],"class_list":["post-10006","post","type-post","status-publish","format-standard","hentry","category-entrevistes"],"_links":{"self":[{"href":"https:\/\/www.noucicle.org\/lhora\/wp-json\/wp\/v2\/posts\/10006","targetHints":{"allow":["GET"]}}],"collection":[{"href":"https:\/\/www.noucicle.org\/lhora\/wp-json\/wp\/v2\/posts"}],"about":[{"href":"https:\/\/www.noucicle.org\/lhora\/wp-json\/wp\/v2\/types\/post"}],"author":[{"embeddable":true,"href":"https:\/\/www.noucicle.org\/lhora\/wp-json\/wp\/v2\/users\/1"}],"replies":[{"embeddable":true,"href":"https:\/\/www.noucicle.org\/lhora\/wp-json\/wp\/v2\/comments?post=10006"}],"version-history":[{"count":3,"href":"https:\/\/www.noucicle.org\/lhora\/wp-json\/wp\/v2\/posts\/10006\/revisions"}],"predecessor-version":[{"id":10009,"href":"https:\/\/www.noucicle.org\/lhora\/wp-json\/wp\/v2\/posts\/10006\/revisions\/10009"}],"wp:attachment":[{"href":"https:\/\/www.noucicle.org\/lhora\/wp-json\/wp\/v2\/media?parent=10006"}],"wp:term":[{"taxonomy":"category","embeddable":true,"href":"https:\/\/www.noucicle.org\/lhora\/wp-json\/wp\/v2\/categories?post=10006"},{"taxonomy":"post_tag","embeddable":true,"href":"https:\/\/www.noucicle.org\/lhora\/wp-json\/wp\/v2\/tags?post=10006"}],"curies":[{"name":"wp","href":"https:\/\/api.w.org\/{rel}","templated":true}]}}